{"id":42923,"date":"2026-01-26T09:00:00","date_gmt":"2026-01-26T12:00:00","guid":{"rendered":"https:\/\/elprismadefer.com\/?p=42923"},"modified":"2026-01-29T09:42:08","modified_gmt":"2026-01-29T12:42:08","slug":"como-hacer-el-trekking-por-la-quebrada-de-las-senoritas-en-uquia-jujuy","status":"publish","type":"post","link":"https:\/\/elprismadefer.com\/en\/como-hacer-el-trekking-por-la-quebrada-de-las-senoritas-en-uquia-jujuy\/","title":{"rendered":"How to do the hike through the Quebrada de las Se\u00f1oritas in Uqu\u00eda, Jujuy"},"content":{"rendered":"<p class=\"translation-block\">A mini hike route that has become fashionable in recent years in the <a href=\"https:\/\/elprismadefer.com\/en\/que-ver-en-la-quebrada-de-humahuaca-de-jujuy-argentina\/\" id=\"42634\" target=\"_self\">Quebrada de Humahuaca<\/a> is the one that can be done in Uqu\u00eda, within the so-called <strong>Quebrada de las Se\u00f1oritas<\/strong>.<\/p>\n\n\n\n<p>This is a hike that has two variations, a short one and a longer one, both of low difficulty and suitable for most people.<\/p>\n\n\n\n<p>In this post I'll tell you everything you need to know about trekking: how to get there, how long it lasts, whether you need a guide, and some practical tips for the trip.<\/p>\n\n\n<div class=\"wp-block-image\">\n<figure class=\"aligncenter size-large\"><img loading=\"lazy\" decoding=\"async\" width=\"800\" height=\"450\" src=\"https:\/\/elprismadefer.com\/wp-content\/uploads\/2026\/01\/blog_uquia13-800x450.webp\" alt=\"Cerros de colores y cactus durante el trekking en la Quebrada de las Se\u00f1oritas\" class=\"wp-image-42798\" srcset=\"https:\/\/elprismadefer.com\/wp-content\/uploads\/2026\/01\/blog_uquia13-800x450.webp 800w, https:\/\/elprismadefer.com\/wp-content\/uploads\/2026\/01\/blog_uquia13-600x338.webp 600w, https:\/\/elprismadefer.com\/wp-content\/uploads\/2026\/01\/blog_uquia13-400x225.webp 400w, https:\/\/elprismadefer.com\/wp-content\/uploads\/2026\/01\/blog_uquia13.webp 1300w\" sizes=\"auto, (max-width: 800px) 100vw, 800px\" \/><figcaption class=\"wp-element-caption\">Colorful hills and cacti during the hike in the Quebrada de las Se\u00f1oritas<\/figcaption><\/figure>\n<\/div>\n\n\n<hr class=\"wp-block-separator aligncenter has-text-color has-black-color has-alpha-channel-opacity has-black-background-color has-background is-style-dots margin-separator-custom\"\/>\n\n\n<div class=\"wp-block-image\">\n<figure class=\"aligncenter size-full\"><img loading=\"lazy\" decoding=\"async\" width=\"1199\" height=\"92\" src=\"https:\/\/elprismadefer.com\/wp-content\/uploads\/2020\/01\/banner-divisorio-argentina.jpg\" alt=\"\" class=\"wp-image-16010\" srcset=\"https:\/\/elprismadefer.com\/wp-content\/uploads\/2020\/01\/banner-divisorio-argentina.jpg 1199w, https:\/\/elprismadefer.com\/wp-content\/uploads\/2020\/01\/banner-divisorio-argentina-600x46.jpg 600w, https:\/\/elprismadefer.com\/wp-content\/uploads\/2020\/01\/banner-divisorio-argentina-18x1.jpg 18w\" sizes=\"auto, (max-width: 1199px) 100vw, 1199px\" \/><\/figure>\n<\/div>\n\n\n<hr class=\"wp-block-separator aligncenter has-text-color has-black-color has-alpha-channel-opacity has-black-background-color has-background is-style-dots margin-separator-custom\"\/>\n\n\n\n<div id=\"ez-toc-container\" class=\"ez-toc-v2_0_82_2 counter-hierarchy ez-toc-counter ez-toc-custom ez-toc-container-direction\">\n<p class=\"ez-toc-title\" style=\"cursor:inherit\">Table of Contents<\/p>\n<label for=\"ez-toc-cssicon-toggle-item-69efb94e3d24e\" class=\"ez-toc-cssicon-toggle-label\"><span class=\"ez-toc-cssicon\"><span class=\"eztoc-hide\" style=\"display:none;\">Toggle<\/span><span class=\"ez-toc-icon-toggle-span\"><svg style=\"fill: #999;color:#999\" xmlns=\"http:\/\/www.w3.org\/2000\/svg\" class=\"list-377408\" width=\"20px\" height=\"20px\" viewbox=\"0 0 24 24\" fill=\"none\"><path d=\"M6 6H4v2h2V6zm14 0H8v2h12V6zM4 11h2v2H4v-2zm16 0H8v2h12v-2zM4 16h2v2H4v-2zm16 0H8v2h12v-2z\" fill=\"currentColor\"><\/path><\/svg><svg style=\"fill: #999;color:#999\" class=\"arrow-unsorted-368013\" xmlns=\"http:\/\/www.w3.org\/2000\/svg\" width=\"10px\" height=\"10px\" viewbox=\"0 0 24 24\" version=\"1.2\" baseprofile=\"tiny\"><path d=\"M18.2 9.3l-6.2-6.3-6.2 6.3c-.2.2-.3.4-.3.7s.1.5.3.7c.2.2.4.3.7.3h11c.3 0 .5-.1.7-.3.2-.2.3-.5.3-.7s-.1-.5-.3-.7zM5.8 14.7l6.2 6.3 6.2-6.3c.2-.2.3-.5.3-.7s-.1-.5-.3-.7c-.2-.2-.4-.3-.7-.3h-11c-.3 0-.5.1-.7.3-.2.2-.3.5-.3.7s.1.5.3.7z\"\/><\/svg><\/span><\/span><\/label><input type=\"checkbox\" style='display:none' id=\"ez-toc-cssicon-toggle-item-69efb94e3d24e\" checked aria-label=\"Toggle\" \/><nav><ul class='ez-toc-list ez-toc-list-level-1' ><li class='ez-toc-page-1 ez-toc-heading-level-2'><a class=\"ez-toc-link ez-toc-heading-1\" href=\"https:\/\/elprismadefer.com\/en\/como-hacer-el-trekking-por-la-quebrada-de-las-senoritas-en-uquia-jujuy\/#Donde_esta_ubicado_Uquia\" >Where is Uqu\u00eda located?<\/a><\/li><li class='ez-toc-page-1 ez-toc-heading-level-2'><a class=\"ez-toc-link ez-toc-heading-2\" href=\"https:\/\/elprismadefer.com\/en\/como-hacer-el-trekking-por-la-quebrada-de-las-senoritas-en-uquia-jujuy\/#Como_llegar_a_Uquia\" >How to get to Uqu\u00eda<\/a><ul class='ez-toc-list-level-3' ><li class='ez-toc-heading-level-3'><a class=\"ez-toc-link ez-toc-heading-3\" href=\"https:\/\/elprismadefer.com\/en\/como-hacer-el-trekking-por-la-quebrada-de-las-senoritas-en-uquia-jujuy\/#En_auto\" >By car<\/a><\/li><li class='ez-toc-page-1 ez-toc-heading-level-3'><a class=\"ez-toc-link ez-toc-heading-4\" href=\"https:\/\/elprismadefer.com\/en\/como-hacer-el-trekking-por-la-quebrada-de-las-senoritas-en-uquia-jujuy\/#En_transporte_publico\" >By public transport<\/a><\/li><li class='ez-toc-page-1 ez-toc-heading-level-3'><a class=\"ez-toc-link ez-toc-heading-5\" href=\"https:\/\/elprismadefer.com\/en\/como-hacer-el-trekking-por-la-quebrada-de-las-senoritas-en-uquia-jujuy\/#Desde_Humahuaca\" >From Humahuaca<\/a><\/li><\/ul><\/li><li class='ez-toc-page-1 ez-toc-heading-level-2'><a class=\"ez-toc-link ez-toc-heading-6\" href=\"https:\/\/elprismadefer.com\/en\/como-hacer-el-trekking-por-la-quebrada-de-las-senoritas-en-uquia-jujuy\/#Donde_comienza_el_trekking_a_la_Quebrada_de_las_Senoritas\" >Where does the trek to the Quebrada de las Se\u00f1oritas begin?<\/a><\/li><li class='ez-toc-page-1 ez-toc-heading-level-2'><a class=\"ez-toc-link ez-toc-heading-7\" href=\"https:\/\/elprismadefer.com\/en\/como-hacer-el-trekking-por-la-quebrada-de-las-senoritas-en-uquia-jujuy\/#Detalle_del_trekking_por_la_Quebrada_de_las_Senoritas\" >Details of the trek through the Quebrada de las Se\u00f1oritas<\/a><\/li><li class='ez-toc-page-1 ez-toc-heading-level-2'><a class=\"ez-toc-link ez-toc-heading-8\" href=\"https:\/\/elprismadefer.com\/en\/como-hacer-el-trekking-por-la-quebrada-de-las-senoritas-en-uquia-jujuy\/#%C2%BFComo_es_el_trekking\" >What is the trekking like?<\/a><\/li><li class='ez-toc-page-1 ez-toc-heading-level-2'><a class=\"ez-toc-link ez-toc-heading-9\" href=\"https:\/\/elprismadefer.com\/en\/como-hacer-el-trekking-por-la-quebrada-de-las-senoritas-en-uquia-jujuy\/#Que_hacer_en_Uquia_ademas_del_trekking\" >What to do in Uqu\u00eda besides trekking<\/a><\/li><li class='ez-toc-page-1 ez-toc-heading-level-2'><a class=\"ez-toc-link ez-toc-heading-10\" href=\"https:\/\/elprismadefer.com\/en\/como-hacer-el-trekking-por-la-quebrada-de-las-senoritas-en-uquia-jujuy\/#Pensamientos_finales_%C2%BFvale_la_pena_hacer_el_trekking_por_la_Quebrada_de_las_Senoritas\" >Final thoughts: Is the trek through the Quebrada de las Se\u00f1oritas worth it?<\/a><\/li><li class='ez-toc-page-1 ez-toc-heading-level-2'><a class=\"ez-toc-link ez-toc-heading-11\" href=\"https:\/\/elprismadefer.com\/en\/como-hacer-el-trekking-por-la-quebrada-de-las-senoritas-en-uquia-jujuy\/#Preguntas_frecuentes_sobre_la_Quebrada_de_las_Senoritas\" >Frequently Asked Questions about the Quebrada de las Se\u00f1oritas<\/a><ul class='ez-toc-list-level-3' ><li class='ez-toc-heading-level-3'><a class=\"ez-toc-link ez-toc-heading-12\" href=\"https:\/\/elprismadefer.com\/en\/como-hacer-el-trekking-por-la-quebrada-de-las-senoritas-en-uquia-jujuy\/#%C2%BFSe_puede_hacer_el_trekking_sin_guia\" >Is it possible to do the trek without a guide?<\/a><\/li><li class='ez-toc-page-1 ez-toc-heading-level-3'><a class=\"ez-toc-link ez-toc-heading-13\" href=\"https:\/\/elprismadefer.com\/en\/como-hacer-el-trekking-por-la-quebrada-de-las-senoritas-en-uquia-jujuy\/#%C2%BFCuanto_dura_el_trekking\" >How long does the trek last?<\/a><\/li><li class='ez-toc-page-1 ez-toc-heading-level-3'><a class=\"ez-toc-link ez-toc-heading-14\" href=\"https:\/\/elprismadefer.com\/en\/como-hacer-el-trekking-por-la-quebrada-de-las-senoritas-en-uquia-jujuy\/#%C2%BFCual_es_la_diferencia_entre_el_trekking_corto_y_el_largo\" >What is the difference between short and long trekking?<\/a><\/li><li class='ez-toc-page-1 ez-toc-heading-level-3'><a class=\"ez-toc-link ez-toc-heading-15\" href=\"https:\/\/elprismadefer.com\/en\/como-hacer-el-trekking-por-la-quebrada-de-las-senoritas-en-uquia-jujuy\/#%C2%BFCual_es_el_costo_del_trekking\" >What is the cost of the trek?<\/a><\/li><li class='ez-toc-page-1 ez-toc-heading-level-3'><a class=\"ez-toc-link ez-toc-heading-16\" href=\"https:\/\/elprismadefer.com\/en\/como-hacer-el-trekking-por-la-quebrada-de-las-senoritas-en-uquia-jujuy\/#%C2%BFEs_una_caminata_dificil\" >Is it a difficult hike?<\/a><\/li><li class='ez-toc-page-1 ez-toc-heading-level-3'><a class=\"ez-toc-link ez-toc-heading-17\" href=\"https:\/\/elprismadefer.com\/en\/como-hacer-el-trekking-por-la-quebrada-de-las-senoritas-en-uquia-jujuy\/#%C2%BFSe_puede_hacer_con_chicos\" >Can it be done with boys?<\/a><\/li><li class='ez-toc-page-1 ez-toc-heading-level-3'><a class=\"ez-toc-link ez-toc-heading-18\" href=\"https:\/\/elprismadefer.com\/en\/como-hacer-el-trekking-por-la-quebrada-de-las-senoritas-en-uquia-jujuy\/#%C2%BFCual_es_el_mejor_horario_para_hacerlo\" >What is the best time to do it?<\/a><\/li><li class='ez-toc-page-1 ez-toc-heading-level-3'><a class=\"ez-toc-link ez-toc-heading-19\" href=\"https:\/\/elprismadefer.com\/en\/como-hacer-el-trekking-por-la-quebrada-de-las-senoritas-en-uquia-jujuy\/#%C2%BFQue_conviene_llevar\" >What should I bring?<\/a><\/li><\/ul><\/li><\/ul><\/nav><\/div>\n<h2 class=\"wp-block-heading\"><span class=\"ez-toc-section\" id=\"Donde_esta_ubicado_Uquia\"><\/span>Where is Uqu\u00eda located?<span class=\"ez-toc-section-end\"><\/span><\/h2>\n\n\n\n<p>Uqu\u00eda is a small town located in the north of the province of Jujuy, within the Quebrada de Humahuaca, a UNESCO World Heritage Site. It lies on National Route 9, one of the main roads connecting the towns of the gorge.<\/p>\n\n\n<div class=\"wp-block-image\">\n<figure class=\"aligncenter size-full\"><img loading=\"lazy\" decoding=\"async\" width=\"800\" height=\"677\" src=\"https:\/\/elprismadefer.com\/wp-content\/uploads\/2026\/01\/blog_mapa_quebrada.jpg\" alt=\"Mapa de la Quebrada de Humahuaca\" class=\"wp-image-42728\" srcset=\"https:\/\/elprismadefer.com\/wp-content\/uploads\/2026\/01\/blog_mapa_quebrada.jpg 800w, https:\/\/elprismadefer.com\/wp-content\/uploads\/2026\/01\/blog_mapa_quebrada-473x400.jpg 473w\" sizes=\"auto, (max-width: 800px) 100vw, 800px\" \/><figcaption class=\"wp-element-caption\">Map of the Humahuaca Gorge<\/figcaption><\/figure>\n<\/div>\n\n\n<p class=\"translation-block\">It is about <strong>5 km south of Humahuaca<\/strong> and approximately <strong>115 km from San Salvador de Jujuy<\/strong>, making it an easy stop to add if you are touring the area by car or public transport.<\/p>\n\n\n\n<div class=\"wp-block-media-text is-stacked-on-mobile caja-custom\" style=\"grid-template-columns:30% auto\"><figure class=\"wp-block-media-text__media\"><a href=\"https:\/\/elprismadefer.com\/en\/que-hacer-en-tilcara-la-mejor-base-para-recorrer-la-quebrada-de-humahuaca\/\"><img loading=\"lazy\" decoding=\"async\" width=\"800\" height=\"468\" src=\"https:\/\/elprismadefer.com\/wp-content\/uploads\/2026\/01\/blog_tilcara23-800x468.webp\" alt=\"Calles de Tilcara en Jujuy\" class=\"wp-image-42704 size-medium\" srcset=\"https:\/\/elprismadefer.com\/wp-content\/uploads\/2026\/01\/blog_tilcara23-800x468.webp 800w, https:\/\/elprismadefer.com\/wp-content\/uploads\/2026\/01\/blog_tilcara23-600x351.webp 600w, https:\/\/elprismadefer.com\/wp-content\/uploads\/2026\/01\/blog_tilcara23.webp 1300w\" sizes=\"auto, (max-width: 800px) 100vw, 800px\" \/><\/a><\/figure><div class=\"wp-block-media-text__content\">\n<p><a href=\"https:\/\/elprismadefer.com\/en\/que-hacer-en-tilcara-la-mejor-base-para-recorrer-la-quebrada-de-humahuaca\/\">What to do in Tilcara, the best base for exploring the Quebrada de Humahuaca<\/a><\/p>\n<\/div><\/div>\n\n\n\n<h2 class=\"wp-block-heading\"><span class=\"ez-toc-section\" id=\"Como_llegar_a_Uquia\"><\/span>How to get to Uqu\u00eda<span class=\"ez-toc-section-end\"><\/span><\/h2>\n\n\n\n<h3 class=\"wp-block-heading\"><span class=\"ez-toc-section\" id=\"En_auto\"><\/span>By car<span class=\"ez-toc-section-end\"><\/span><\/h3>\n\n\n\n<p class=\"translation-block\">From <strong>San Salvador de Jujuy<\/strong>, the journey takes about <strong>2 and a half hours<\/strong>, following RN 9 north. The road is paved and in good condition, passing through towns such as <a href=\"https:\/\/elprismadefer.com\/en\/que-ver-en-purmamarca\/\" id=\"42761\" target=\"_self\">Purmamarca<\/a>, <a href=\"https:\/\/elprismadefer.com\/en\/que-hacer-en-tilcara-la-mejor-base-para-recorrer-la-quebrada-de-humahuaca\/\" id=\"42652\" target=\"_self\">Tilcara<\/a> and Humahuaca.<\/p>\n\n\n<div class=\"wp-block-image\">\n<figure class=\"aligncenter size-full\"><img loading=\"lazy\" decoding=\"async\" width=\"800\" height=\"450\" src=\"https:\/\/elprismadefer.com\/wp-content\/uploads\/2026\/01\/blog_uquia00.jpg\" alt=\"Cerro Colorado en la Quebrada de Humahuaca\" class=\"wp-image-42799\" srcset=\"https:\/\/elprismadefer.com\/wp-content\/uploads\/2026\/01\/blog_uquia00.jpg 800w, https:\/\/elprismadefer.com\/wp-content\/uploads\/2026\/01\/blog_uquia00-600x338.jpg 600w, https:\/\/elprismadefer.com\/wp-content\/uploads\/2026\/01\/blog_uquia00-400x225.jpg 400w\" sizes=\"auto, (max-width: 800px) 100vw, 800px\" \/><figcaption class=\"wp-element-caption\">Cerro Colorado in the Quebrada de Humahuaca. It can be seen on the road to Uqu\u00eda.<\/figcaption><\/figure>\n<\/div>\n\n\n<h3 class=\"wp-block-heading\"><span class=\"ez-toc-section\" id=\"En_transporte_publico\"><\/span>By public transport<span class=\"ez-toc-section-end\"><\/span><\/h3>\n\n\n\n<p class=\"translation-block\">Frequent buses travel through the Quebrada de Humahuaca, connecting San Salvador de Jujuy with Humahuaca. They all pass through Uqu\u00eda, dropping you off on the route (<a href=\"https:\/\/maps.app.goo.gl\/yGMw1WTn7RXZodRt5\" target=\"_blank\" rel=\"noreferrer noopener\">see on the map<\/a>), very close to the town's main square. It's an economical and convenient option if you're not traveling by car.<\/p>\n\n\n\n<div class=\"wp-block-media-text is-stacked-on-mobile caja-custom\" style=\"grid-template-columns:30% auto\"><figure class=\"wp-block-media-text__media\"><a href=\"https:\/\/elprismadefer.com\/en\/que-hacer-en-san-salvador-de-jujuy-una-ciudad-que-no-atrapa\/\"><img loading=\"lazy\" decoding=\"async\" width=\"800\" height=\"450\" src=\"https:\/\/elprismadefer.com\/wp-content\/uploads\/2025\/12\/blog_san_salvador00-800x450.webp\" alt=\"Cartel en la plaza principal de San Salvador de Jujuy\" class=\"wp-image-42668 size-medium\" srcset=\"https:\/\/elprismadefer.com\/wp-content\/uploads\/2025\/12\/blog_san_salvador00-800x450.webp 800w, https:\/\/elprismadefer.com\/wp-content\/uploads\/2025\/12\/blog_san_salvador00-600x338.webp 600w, https:\/\/elprismadefer.com\/wp-content\/uploads\/2025\/12\/blog_san_salvador00-400x225.webp 400w, https:\/\/elprismadefer.com\/wp-content\/uploads\/2025\/12\/blog_san_salvador00.webp 1300w\" sizes=\"auto, (max-width: 800px) 100vw, 800px\" \/><\/a><\/figure><div class=\"wp-block-media-text__content\">\n<p><a href=\"https:\/\/elprismadefer.com\/en\/que-hacer-en-san-salvador-de-jujuy-una-ciudad-que-no-atrapa\/\">Things to do in San Salvador de Jujuy, a city that doesn't captivate<\/a><\/p>\n<\/div><\/div>\n\n\n\n<h3 class=\"wp-block-heading\"><span class=\"ez-toc-section\" id=\"Desde_Humahuaca\"><\/span>From Humahuaca<span class=\"ez-toc-section-end\"><\/span><\/h3>\n\n\n\n<p class=\"translation-block\">If you are staying in Humahuaca, Uqu\u00eda is only <strong>5 km<\/strong> away, so you can also get there by taxi, private car service or shared taxi.<\/p>\n\n\n\n<div class=\"wp-block-media-text is-stacked-on-mobile caja-custom\" style=\"grid-template-columns:30% auto\"><figure class=\"wp-block-media-text__media\"><a href=\"https:\/\/elprismadefer.com\/en\/humahuaca-y-el-hornocal-que-hacer-y-como-organizar-la-visita\/\"><img loading=\"lazy\" decoding=\"async\" width=\"800\" height=\"450\" src=\"https:\/\/elprismadefer.com\/wp-content\/uploads\/2026\/01\/blog_humahuaca12-800x450.webp\" alt=\"Cabildo de Humahuaca - Jujuy\" class=\"wp-image-42783 size-medium\" srcset=\"https:\/\/elprismadefer.com\/wp-content\/uploads\/2026\/01\/blog_humahuaca12-800x450.webp 800w, https:\/\/elprismadefer.com\/wp-content\/uploads\/2026\/01\/blog_humahuaca12-600x338.webp 600w, https:\/\/elprismadefer.com\/wp-content\/uploads\/2026\/01\/blog_humahuaca12-400x225.webp 400w, https:\/\/elprismadefer.com\/wp-content\/uploads\/2026\/01\/blog_humahuaca12.webp 1300w\" sizes=\"auto, (max-width: 800px) 100vw, 800px\" \/><\/a><\/figure><div class=\"wp-block-media-text__content\">\n<p><a href=\"https:\/\/elprismadefer.com\/en\/humahuaca-y-el-hornocal-que-hacer-y-como-organizar-la-visita\/\" type=\"post\" id=\"42764\">Humahuaca and Hornocal: What to do and how to plan your visit<\/a><\/p>\n<\/div><\/div>\n\n\n\n<hr class=\"wp-block-separator aligncenter has-text-color has-black-color has-alpha-channel-opacity has-black-background-color has-background is-style-dots margin-separator-custom\"\/>\n\n\n<div class=\"wp-block-image\">\n<figure class=\"aligncenter size-full\"><img loading=\"lazy\" decoding=\"async\" width=\"1199\" height=\"92\" src=\"https:\/\/elprismadefer.com\/wp-content\/uploads\/2020\/01\/banner-divisorio-argentina.jpg\" alt=\"\" class=\"wp-image-16010\" srcset=\"https:\/\/elprismadefer.com\/wp-content\/uploads\/2020\/01\/banner-divisorio-argentina.jpg 1199w, https:\/\/elprismadefer.com\/wp-content\/uploads\/2020\/01\/banner-divisorio-argentina-600x46.jpg 600w, https:\/\/elprismadefer.com\/wp-content\/uploads\/2020\/01\/banner-divisorio-argentina-18x1.jpg 18w\" sizes=\"auto, (max-width: 1199px) 100vw, 1199px\" \/><\/figure>\n<\/div>\n\n\n<hr class=\"wp-block-separator aligncenter has-text-color has-black-color has-alpha-channel-opacity has-black-background-color has-background is-style-dots margin-separator-custom\"\/>\n\n\n\n<h2 class=\"wp-block-heading\"><span class=\"ez-toc-section\" id=\"Donde_comienza_el_trekking_a_la_Quebrada_de_las_Senoritas\"><\/span>Where does the trek to the Quebrada de las Se\u00f1oritas begin?<span class=\"ez-toc-section-end\"><\/span><\/h2>\n\n\n\n<p class=\"translation-block\">The trek through the <strong>Quebrada de las Se\u00f1oritas<\/strong> begins approximately 1 km from the Uqu\u00eda town square, where there is a parking lot and a post with the guides (<a href=\"https:\/\/maps.app.goo.gl\/72bTNC3gfGrqpz6g9\" target=\"_blank\" rel=\"noreferrer noopener\">see on the map<\/a>). Access is via a dirt road for vehicles, in the opposite direction from National Route 9; it's easy to find.<\/p>\n\n\n<div class=\"wp-block-image\">\n<figure class=\"aligncenter size-full\"><img loading=\"lazy\" decoding=\"async\" width=\"800\" height=\"430\" src=\"https:\/\/elprismadefer.com\/wp-content\/uploads\/2026\/01\/blog_uquia11.jpg\" alt=\"Paisajes \u00e1ridos en Uqu\u00eda, camino al comienzo del trekking a la Quebrada de las Se\u00f1oritas\" class=\"wp-image-42808\" srcset=\"https:\/\/elprismadefer.com\/wp-content\/uploads\/2026\/01\/blog_uquia11.jpg 800w, https:\/\/elprismadefer.com\/wp-content\/uploads\/2026\/01\/blog_uquia11-600x323.jpg 600w\" sizes=\"auto, (max-width: 800px) 100vw, 800px\" \/><figcaption class=\"wp-element-caption\">Arid landscapes in Uqu\u00eda, on the way to the start of the trek to the Quebrada de las Se\u00f1oritas<\/figcaption><\/figure>\n<\/div>\n\n\n<p class=\"translation-block\">If you are traveling by <strong>car<\/strong>, you can go directly to the <strong>parking<\/strong> located at the start of the trail. The hike itself begins from there.<\/p>\n\n\n<div class=\"wp-block-image\">\n<figure class=\"aligncenter size-full\"><img loading=\"lazy\" decoding=\"async\" width=\"800\" height=\"450\" src=\"https:\/\/elprismadefer.com\/wp-content\/uploads\/2026\/01\/blog_uquia08.jpg\" alt=\"Paisajes rojos de rocas de arenisca, durante el trekking a la Quebrada de las Se\u00f1oritas\" class=\"wp-image-42806\" srcset=\"https:\/\/elprismadefer.com\/wp-content\/uploads\/2026\/01\/blog_uquia08.jpg 800w, https:\/\/elprismadefer.com\/wp-content\/uploads\/2026\/01\/blog_uquia08-600x338.jpg 600w, https:\/\/elprismadefer.com\/wp-content\/uploads\/2026\/01\/blog_uquia08-400x225.jpg 400w\" sizes=\"auto, (max-width: 800px) 100vw, 800px\" \/><figcaption class=\"wp-element-caption\">Viewpoint near the parking lot before starting the trek to the Quebrada de las Se\u00f1oritas<\/figcaption><\/figure>\n<\/div>\n\n\n<p class=\"translation-block\">However, if you are staying in Uqu\u00eda or arrived by public transport, the stretch to the start of the trail can be done <strong>on foot<\/strong>. It's a short walk, a prelude to the actual trek, allowing you to familiarize yourself with the landscape and the surroundings of the ravine before starting the official route.<\/p>\n\n\n\n<div class=\"wp-block-media-text is-stacked-on-mobile caja-custom\" style=\"grid-template-columns:30% auto\"><figure class=\"wp-block-media-text__media\"><a href=\"https:\/\/elprismadefer.com\/en\/que-ver-en-purmamarca\/\"><img loading=\"lazy\" decoding=\"async\" width=\"800\" height=\"600\" src=\"https:\/\/elprismadefer.com\/wp-content\/uploads\/2026\/01\/blog_purmamarca01-800x600.webp\" alt=\"Vista al Cerro de los 7 colores en Purmamarca- Argentina\" class=\"wp-image-42769 size-medium\" srcset=\"https:\/\/elprismadefer.com\/wp-content\/uploads\/2026\/01\/blog_purmamarca01-800x600.webp 800w, https:\/\/elprismadefer.com\/wp-content\/uploads\/2026\/01\/blog_purmamarca01-533x400.webp 533w, https:\/\/elprismadefer.com\/wp-content\/uploads\/2026\/01\/blog_purmamarca01.webp 1300w\" sizes=\"auto, (max-width: 800px) 100vw, 800px\" \/><\/a><\/figure><div class=\"wp-block-media-text__content\">\n<p><a href=\"https:\/\/elprismadefer.com\/en\/que-ver-en-purmamarca\/\" type=\"post\" id=\"42761\">What to see in Purmamarca, home of the Hill of Seven Colors<\/a><\/p>\n<\/div><\/div>\n\n\n\n<h2 class=\"wp-block-heading\"><span class=\"ez-toc-section\" id=\"Detalle_del_trekking_por_la_Quebrada_de_las_Senoritas\"><\/span>Details of the trek through the Quebrada de las Se\u00f1oritas<span class=\"ez-toc-section-end\"><\/span><\/h2>\n\n\n\n<p class=\"translation-block\">The trek through the Quebrada de las Se\u00f1oritas has <strong>two options<\/strong>: a short one and a longer one. Both are <strong>low difficulty<\/strong> walks, suitable for most people, young and old, with one main difference being the time and length of the route.<\/p>\n\n\n<div class=\"wp-block-image\">\n<figure class=\"aligncenter size-full\"><img loading=\"lazy\" decoding=\"async\" width=\"800\" height=\"561\" src=\"https:\/\/elprismadefer.com\/wp-content\/uploads\/2026\/01\/blog_uquia04.jpg\" alt=\"Mapa con los dos trekking a la Quebrada de las Se\u00f1oritas - Jujuy\" class=\"wp-image-42802\" srcset=\"https:\/\/elprismadefer.com\/wp-content\/uploads\/2026\/01\/blog_uquia04.jpg 800w, https:\/\/elprismadefer.com\/wp-content\/uploads\/2026\/01\/blog_uquia04-570x400.jpg 570w\" sizes=\"auto, (max-width: 800px) 100vw, 800px\" \/><figcaption class=\"wp-element-caption\">Map with the two treks to the Quebrada de las Se\u00f1oritas \u2013 Jujuy<\/figcaption><\/figure>\n<\/div>\n\n\n<p class=\"translation-block\">The <strong>short version<\/strong> usually lasts around <strong>1.5 hours<\/strong>, while the <strong>long version<\/strong> can take between <strong>3 and 4 hours<\/strong>, depending on the pace of the group you are walking with.<\/p>\n\n\n\n<p class=\"translation-block\">It is important to clarify that the long route <strong>includes the short one<\/strong>, so you don't miss any section of the trail if you choose the longer walk.<\/p>\n\n\n<div class=\"wp-block-image\">\n<figure class=\"aligncenter size-full\"><img loading=\"lazy\" decoding=\"async\" width=\"800\" height=\"450\" src=\"https:\/\/elprismadefer.com\/wp-content\/uploads\/2026\/01\/blog_uquia12.jpg\" alt=\"Paisajes de aridez y formaciones rocosas de arenisca en Uqu\u00eda\" class=\"wp-image-42809\" srcset=\"https:\/\/elprismadefer.com\/wp-content\/uploads\/2026\/01\/blog_uquia12.jpg 800w, https:\/\/elprismadefer.com\/wp-content\/uploads\/2026\/01\/blog_uquia12-600x338.jpg 600w, https:\/\/elprismadefer.com\/wp-content\/uploads\/2026\/01\/blog_uquia12-400x225.jpg 400w\" sizes=\"auto, (max-width: 800px) 100vw, 800px\" \/><figcaption class=\"wp-element-caption\">Arid landscapes and sandstone rock formations in Uqu\u00eda<\/figcaption><\/figure>\n<\/div>\n\n\n<p class=\"translation-block\">To participate in the trek, a <strong>$1,000 fee<\/strong> is required, payable at the entrance. In that same place you will find the <strong>local guides<\/strong>, whose hiring is <strong>mandatory<\/strong>. This isn't so much due to the difficulty of the hike, but rather to prevent visitors from straying from the trail and, at the same time, to generate income for the local guides.<\/p>\n\n\n<div class=\"wp-block-image\">\n<figure class=\"aligncenter size-full\"><img loading=\"lazy\" decoding=\"async\" width=\"800\" height=\"450\" src=\"https:\/\/elprismadefer.com\/wp-content\/uploads\/2026\/01\/blog_uquia05.jpg\" alt=\"Paisaje con cerros de colores durante el trekking en Uqu\u00eda\" class=\"wp-image-42803\" srcset=\"https:\/\/elprismadefer.com\/wp-content\/uploads\/2026\/01\/blog_uquia05.jpg 800w, https:\/\/elprismadefer.com\/wp-content\/uploads\/2026\/01\/blog_uquia05-600x338.jpg 600w, https:\/\/elprismadefer.com\/wp-content\/uploads\/2026\/01\/blog_uquia05-400x225.jpg 400w\" sizes=\"auto, (max-width: 800px) 100vw, 800px\" \/><figcaption class=\"wp-element-caption\">Hills of different colors that can be seen during the trek to the Quebrada de las Se\u00f1oritas<\/figcaption><\/figure>\n<\/div>\n\n\n<p class=\"translation-block\">The cost of the guide service is $6,000 for the short hike and $12,000 for the long hike. These are the prices I paid at the beginning of 2026, so they may vary over time.<\/p>\n\n\n\n<div class=\"wp-block-media-text is-stacked-on-mobile caja-custom\" style=\"grid-template-columns:30% auto\"><figure class=\"wp-block-media-text__media\"><a href=\"https:\/\/elprismadefer.com\/en\/que-ver-en-maimara-uno-de-los-pueblos-mas-lindos-de-la-quebrada\/\"><img loading=\"lazy\" decoding=\"async\" width=\"800\" height=\"450\" src=\"https:\/\/elprismadefer.com\/wp-content\/uploads\/2026\/01\/blog_maimara14-800x450.webp\" alt=\"Vista de Maimar\u00e1 y la Paleta del Pintor desde el Mirador el Monolito\" class=\"wp-image-42749 size-medium\" srcset=\"https:\/\/elprismadefer.com\/wp-content\/uploads\/2026\/01\/blog_maimara14-800x450.webp 800w, https:\/\/elprismadefer.com\/wp-content\/uploads\/2026\/01\/blog_maimara14-600x338.webp 600w, https:\/\/elprismadefer.com\/wp-content\/uploads\/2026\/01\/blog_maimara14-400x225.webp 400w, https:\/\/elprismadefer.com\/wp-content\/uploads\/2026\/01\/blog_maimara14.webp 1300w\" sizes=\"auto, (max-width: 800px) 100vw, 800px\" \/><\/a><\/figure><div class=\"wp-block-media-text__content\">\n<p><a href=\"https:\/\/elprismadefer.com\/en\/que-ver-en-maimara-uno-de-los-pueblos-mas-lindos-de-la-quebrada\/\">What to see in Maimar\u00e1, one of the most beautiful towns in the Quebrada<\/a><\/p>\n<\/div><\/div>\n\n\n\n<h2 class=\"wp-block-heading\"><span class=\"ez-toc-section\" id=\"%C2%BFComo_es_el_trekking\"><\/span>What is the trekking like?<span class=\"ez-toc-section-end\"><\/span><\/h2>\n\n\n\n<p class=\"translation-block\">Since it's a <strong>group hike<\/strong>, the pace is usually adjusted to suit all participants. The guide waits for the group to move together, so the hike can be a little faster or slower depending on who's hiking that day.<\/p>\n\n\n<div class=\"wp-block-image\">\n<figure class=\"aligncenter size-full\"><img loading=\"lazy\" decoding=\"async\" width=\"800\" height=\"450\" src=\"https:\/\/elprismadefer.com\/wp-content\/uploads\/2026\/01\/blog_uquia09.jpg\" alt=\"Una formaci\u00f3n rocosa antes de comenzar el trekking\" class=\"wp-image-42807\" srcset=\"https:\/\/elprismadefer.com\/wp-content\/uploads\/2026\/01\/blog_uquia09.jpg 800w, https:\/\/elprismadefer.com\/wp-content\/uploads\/2026\/01\/blog_uquia09-600x338.jpg 600w, https:\/\/elprismadefer.com\/wp-content\/uploads\/2026\/01\/blog_uquia09-400x225.jpg 400w\" sizes=\"auto, (max-width: 800px) 100vw, 800px\" \/><figcaption class=\"wp-element-caption\">A rock formation before starting the trek<\/figcaption><\/figure>\n<\/div>\n\n\n<p>During the journey, the guide usually provides general information about the place as we venture deeper into the ravine.<\/p>\n\n\n\n<p class=\"translation-block\">The landscape is <strong>arid<\/strong>, with a constant presence of <strong>cactus<\/strong>, some of them large, and hills formed mainly by <strong>reddish-toned sandstones<\/strong>. It is a typical environment of the Quebrada de Humahuaca, dry and open, which becomes increasingly enclosed as you move further along.<\/p>\n\n\n<div class=\"wp-block-image\">\n<figure class=\"aligncenter size-large\"><img loading=\"lazy\" decoding=\"async\" width=\"450\" height=\"800\" src=\"https:\/\/elprismadefer.com\/wp-content\/uploads\/2026\/01\/blog_uquia07-450x800.jpg\" alt=\"Un cactus gigante en Uqu\u00eda\" class=\"wp-image-42805\" srcset=\"https:\/\/elprismadefer.com\/wp-content\/uploads\/2026\/01\/blog_uquia07-450x800.jpg 450w, https:\/\/elprismadefer.com\/wp-content\/uploads\/2026\/01\/blog_uquia07-225x400.jpg 225w, https:\/\/elprismadefer.com\/wp-content\/uploads\/2026\/01\/blog_uquia07.jpg 600w\" sizes=\"auto, (max-width: 450px) 100vw, 450px\" \/><figcaption class=\"wp-element-caption\">A giant cactus in Uqu\u00eda<\/figcaption><\/figure>\n<\/div>\n\n\n<p class=\"translation-block\">If you choose the <strong>short version<\/strong>, the path enters a narrow passage, with high rock walls on both sides. It's a narrow but very photogenic section, which became popular on social media, and it opens into a wider area, although completely surrounded by rock walls.<\/p>\n\n\n\n<div class=\"wp-block-columns is-layout-flex wp-container-core-columns-is-layout-9d6595d7 wp-block-columns-is-layout-flex\">\n<div class=\"wp-block-column is-layout-flow wp-block-column-is-layout-flow\">\n<figure class=\"wp-block-image size-large\"><img loading=\"lazy\" decoding=\"async\" width=\"450\" height=\"800\" src=\"https:\/\/elprismadefer.com\/wp-content\/uploads\/2026\/01\/blog_uquia01-450x800.jpg\" alt=\"Sendero entre muros rojos en la Quebrada de las Se\u00f1oritas - Uqu\u00eda\" class=\"wp-image-42800\" style=\"aspect-ratio:3\/4;object-fit:cover\" srcset=\"https:\/\/elprismadefer.com\/wp-content\/uploads\/2026\/01\/blog_uquia01-450x800.jpg 450w, https:\/\/elprismadefer.com\/wp-content\/uploads\/2026\/01\/blog_uquia01-225x400.jpg 225w, https:\/\/elprismadefer.com\/wp-content\/uploads\/2026\/01\/blog_uquia01.jpg 600w\" sizes=\"auto, (max-width: 450px) 100vw, 450px\" \/><figcaption class=\"wp-element-caption\">Path between red walls in the Quebrada de las Se\u00f1oritas \u2013 Uqu\u00eda<\/figcaption><\/figure>\n<\/div>\n\n\n\n<div class=\"wp-block-column is-layout-flow wp-block-column-is-layout-flow\">\n<figure class=\"wp-block-image size-large\"><img loading=\"lazy\" decoding=\"async\" width=\"485\" height=\"800\" src=\"https:\/\/elprismadefer.com\/wp-content\/uploads\/2026\/01\/blog_uquia02-485x800.jpg\" alt=\"Trekking en la Quebrada de las Se\u00f1oritas - Uqu\u00eda\" class=\"wp-image-42801\" style=\"aspect-ratio:3\/4;object-fit:cover\" srcset=\"https:\/\/elprismadefer.com\/wp-content\/uploads\/2026\/01\/blog_uquia02-485x800.jpg 485w, https:\/\/elprismadefer.com\/wp-content\/uploads\/2026\/01\/blog_uquia02-243x400.jpg 243w, https:\/\/elprismadefer.com\/wp-content\/uploads\/2026\/01\/blog_uquia02.jpg 600w\" sizes=\"auto, (max-width: 485px) 100vw, 485px\" \/><figcaption class=\"wp-element-caption\">Hiking in the Quebrada de las Se\u00f1oritas \u2013 Uqu\u00eda<\/figcaption><\/figure>\n<\/div>\n<\/div>\n\n\n\n<p class=\"translation-block\">On the other hand, if you choose the <strong>long version<\/strong>, from that point you continue further into the ravine. The landscape begins to change, and other rock formations of different colors appear.<\/p>\n\n\n\n<p class=\"translation-block\">There is a <strong>viewpoint<\/strong> from where you can see much of the route taken and a wide view of the ravine, one of the most beautiful points of the trek.<\/p>\n\n\n<div class=\"wp-block-image\">\n<figure class=\"aligncenter size-full\"><img loading=\"lazy\" decoding=\"async\" width=\"800\" height=\"450\" src=\"https:\/\/elprismadefer.com\/wp-content\/uploads\/2026\/01\/blog_uquia06.jpg\" alt=\"Caminando en la Quebrada de las Se\u00f1oritas en Uqu\u00eda\" class=\"wp-image-42804\" srcset=\"https:\/\/elprismadefer.com\/wp-content\/uploads\/2026\/01\/blog_uquia06.jpg 800w, https:\/\/elprismadefer.com\/wp-content\/uploads\/2026\/01\/blog_uquia06-600x338.jpg 600w, https:\/\/elprismadefer.com\/wp-content\/uploads\/2026\/01\/blog_uquia06-400x225.jpg 400w\" sizes=\"auto, (max-width: 800px) 100vw, 800px\" \/><figcaption class=\"wp-element-caption\">Walking in the Quebrada de las Se\u00f1oritas in Uqu\u00eda<\/figcaption><\/figure>\n<\/div>\n\n\n<p class=\"translation-block\">Further along, the trail passes through a sort of <strong>cave<\/strong>, then through another narrow section between rocks. From there, the return journey begins.<\/p>\n\n\n\n<hr class=\"wp-block-separator aligncenter has-text-color has-black-color has-alpha-channel-opacity has-black-background-color has-background is-style-dots margin-separator-custom\"\/>\n\n\n<div class=\"wp-block-image\">\n<figure class=\"aligncenter size-full\"><img loading=\"lazy\" decoding=\"async\" width=\"1199\" height=\"92\" src=\"https:\/\/elprismadefer.com\/wp-content\/uploads\/2020\/01\/banner-divisorio-argentina.jpg\" alt=\"\" class=\"wp-image-16010\" srcset=\"https:\/\/elprismadefer.com\/wp-content\/uploads\/2020\/01\/banner-divisorio-argentina.jpg 1199w, https:\/\/elprismadefer.com\/wp-content\/uploads\/2020\/01\/banner-divisorio-argentina-600x46.jpg 600w, https:\/\/elprismadefer.com\/wp-content\/uploads\/2020\/01\/banner-divisorio-argentina-18x1.jpg 18w\" sizes=\"auto, (max-width: 1199px) 100vw, 1199px\" \/><\/figure>\n<\/div>\n\n\n<hr class=\"wp-block-separator aligncenter has-text-color has-black-color has-alpha-channel-opacity has-black-background-color has-background is-style-dots margin-separator-custom\"\/>\n\n\n\n<h2 class=\"wp-block-heading\"><span class=\"ez-toc-section\" id=\"Que_hacer_en_Uquia_ademas_del_trekking\"><\/span>What to do in Uqu\u00eda besides trekking<span class=\"ez-toc-section-end\"><\/span><\/h2>\n\n\n\n<p class=\"translation-block\">Beyond the trek through the Quebrada de las Se\u00f1oritas, the other highlight in Uqu\u00eda is the <strong>Church of San Francisco de Paula<\/strong> (<a href=\"https:\/\/maps.app.goo.gl\/GWJjd9Da5T9PyVKW8\" target=\"_blank\" rel=\"noreferrer noopener\">see on the map<\/a>). It is a simple construction, typical of the towns in the Quebrada de Humahuaca, but with significant historical and cultural value.<\/p>\n\n\n<div class=\"wp-block-image\">\n<figure class=\"aligncenter size-full\"><img loading=\"lazy\" decoding=\"async\" width=\"800\" height=\"450\" src=\"https:\/\/elprismadefer.com\/wp-content\/uploads\/2026\/01\/blog_uquia10.jpg\" alt=\"Iglesia de Uqu\u00eda, donde est\u00e1n las pinturas de los \u00e1ngeles arcabuceros\" class=\"wp-image-42733\" srcset=\"https:\/\/elprismadefer.com\/wp-content\/uploads\/2026\/01\/blog_uquia10.jpg 800w, https:\/\/elprismadefer.com\/wp-content\/uploads\/2026\/01\/blog_uquia10-600x338.jpg 600w, https:\/\/elprismadefer.com\/wp-content\/uploads\/2026\/01\/blog_uquia10-400x225.jpg 400w\" sizes=\"auto, (max-width: 800px) 100vw, 800px\" \/><figcaption class=\"wp-element-caption\">Church of Uqu\u00eda, where the paintings of the arquebusier angels are located<\/figcaption><\/figure>\n<\/div>\n\n\n<p class=\"translation-block\">Inside are preserved the famous <strong>paintings of the Arcabuceros Angels<\/strong>, a series of works of colonial origin that represent angels armed with arquebuses, dressed in military attire of the time.<\/p>\n\n\n<div class=\"wp-block-image\">\n<figure class=\"aligncenter size-full\"><img loading=\"lazy\" decoding=\"async\" width=\"223\" height=\"320\" src=\"https:\/\/elprismadefer.com\/wp-content\/uploads\/2026\/01\/Angel-Arcabusero.jpg\" alt=\"Angel Arcabusero\" class=\"wp-image-42941\"\/><figcaption class=\"wp-element-caption\">Angel Arcabusero<\/figcaption><\/figure>\n<\/div>\n\n\n<p>These paintings are part of the so-called Cuzco School and are one of the main artistic attractions of the region, since it is not common to find this type of representation outside the Andean region.<\/p>\n\n\n\n<p>Taking photographs of the paintings inside is not allowed.<\/p>\n\n\n\n<h2 class=\"wp-block-heading\"><span class=\"ez-toc-section\" id=\"Pensamientos_finales_%C2%BFvale_la_pena_hacer_el_trekking_por_la_Quebrada_de_las_Senoritas\"><\/span>Final thoughts: Is the trek through the Quebrada de las Se\u00f1oritas worth it?<span class=\"ez-toc-section-end\"><\/span><\/h2>\n\n\n\n<p class=\"translation-block\">While the views of the Quebrada de las Se\u00f1oritas are beautiful and the natural surroundings are worthwhile, I personally felt that the <strong>price of the trek is somewhat high<\/strong>, especially in the case of the long version.<\/p>\n\n\n\n<p class=\"translation-block\">It is a hike that, due to its difficulty and signage, could easily be done on your own, but since <strong>hiring a guide is mandatory<\/strong>, the cost ends up being more expensive than necessary.<\/p>\n\n\n\n<p class=\"translation-block\">The trail offers good opportunities for taking photos and enjoying the scenery, but compared to other hikes in the area, it wasn't the one that impressed me the most. Personally, I prefer the <strong><a href=\"https:\/\/elprismadefer.com\/en\/que-hacer-en-tilcara-la-mejor-base-para-recorrer-la-quebrada-de-humahuaca\/\" id=\"42652\" target=\"_self\">hike to the Huichaira Castles<\/a><\/strong>, which is free and I found much more spectacular than this one.<\/p>\n\n\n\n<p>But if you're exploring the Quebrada de Humahuaca and have some extra time, or want to take a short and easy walk to get a glimpse of the region's beautiful landscapes, it could be an interesting stop.<\/p>\n\n\n\n<h2 class=\"wp-block-heading\"><span class=\"ez-toc-section\" id=\"Preguntas_frecuentes_sobre_la_Quebrada_de_las_Senoritas\"><\/span>Frequently Asked Questions about the Quebrada de las Se\u00f1oritas<span class=\"ez-toc-section-end\"><\/span><\/h2>\n\n\n\n<h3 class=\"wp-block-heading\"><span class=\"ez-toc-section\" id=\"%C2%BFSe_puede_hacer_el_trekking_sin_guia\"><\/span>Is it possible to do the trek without a guide?<span class=\"ez-toc-section-end\"><\/span><\/h3>\n\n\n\n<p class=\"translation-block\">No. Currently, the hike is <strong>only done with a guide<\/strong>, and hiring one is mandatory. This is not due to the difficulty of the route, but to prevent visitors from straying from the trail and to generate work for local guides.<\/p>\n\n\n\n<h3 class=\"wp-block-heading\"><span class=\"ez-toc-section\" id=\"%C2%BFCuanto_dura_el_trekking\"><\/span>How long does the trek last?<span class=\"ez-toc-section-end\"><\/span><\/h3>\n\n\n\n<p class=\"translation-block\">There are two options: the <strong>short version<\/strong>, which lasts approximately <strong>1 and a half hours<\/strong>, and the <strong>long version<\/strong>, which can take between <strong>3 and 4 hours<\/strong>, depending on the pace of the group.<\/p>\n\n\n\n<h3 class=\"wp-block-heading\"><span class=\"ez-toc-section\" id=\"%C2%BFCual_es_la_diferencia_entre_el_trekking_corto_y_el_largo\"><\/span>What is the difference between short and long trekking?<span class=\"ez-toc-section-end\"><\/span><\/h3>\n\n\n\n<p class=\"translation-block\">The long route <strong>includes the short section<\/strong>, so you don't miss any scenery if you choose the longer version. The difference lies in the distance, the time, and some additional points of interest such as the viewpoint and the cave.<\/p>\n\n\n\n<h3 class=\"wp-block-heading\"><span class=\"ez-toc-section\" id=\"%C2%BFCual_es_el_costo_del_trekking\"><\/span>What is the cost of the trek?<span class=\"ez-toc-section-end\"><\/span><\/h3>\n\n\n\n<p>In addition to the $1,000 bonus, the guide fee is $6,000 for the short trek and $12,000 for the long trek.<\/p>\n\n\n\n<h3 class=\"wp-block-heading\"><span class=\"ez-toc-section\" id=\"%C2%BFEs_una_caminata_dificil\"><\/span>Is it a difficult hike?<span class=\"ez-toc-section-end\"><\/span><\/h3>\n\n\n\n<p class=\"translation-block\">No. It's an <strong>easy trek<\/strong>, suitable for most people. It doesn't require prior experience or great physical fitness.<\/p>\n\n\n\n<h3 class=\"wp-block-heading\"><span class=\"ez-toc-section\" id=\"%C2%BFSe_puede_hacer_con_chicos\"><\/span>Can it be done with boys?<span class=\"ez-toc-section-end\"><\/span><\/h3>\n\n\n\n<p>Yes, especially the short version, as long as the kids are used to walking and the group's pace is respected.<\/p>\n\n\n\n<h3 class=\"wp-block-heading\"><span class=\"ez-toc-section\" id=\"%C2%BFCual_es_el_mejor_horario_para_hacerlo\"><\/span>What is the best time to do it?<span class=\"ez-toc-section-end\"><\/span><\/h3>\n\n\n\n<p>Ideally, it should be done in the morning, when temperatures are more pleasant and the light is better for photos.<\/p>\n\n\n\n<h3 class=\"wp-block-heading\"><span class=\"ez-toc-section\" id=\"%C2%BFQue_conviene_llevar\"><\/span>What should I bring?<span class=\"ez-toc-section-end\"><\/span><\/h3>\n\n\n\n<p>Comfortable shoes, water, a hat, sunscreen, and a light snack are recommended. Restrooms are available, and vendors sell tortillas and drinks in the parking area before the trek begins.<\/p>","protected":false},"excerpt":{"rendered":"<p>Un mini trekking que se puso de moda en los \u00faltimos a\u00f1os en la Quebrada de Humahuaca es el que se puede hacer en Uqu\u00eda, dentro de la llamada Quebrada&#8230;<\/p>","protected":false},"author":1,"featured_media":42798,"comment_status":"open","ping_status":"open","sticky":false,"template":"","format":"standard","meta":{"_mo_disable_npp":"","footnotes":""},"categories":[178,151],"tags":[294,293,284],"class_list":["post-42923","post","type-post","status-publish","format-standard","has-post-thumbnail","hentry","category-america","category-argentina","tag-jujuy","tag-noroeste-argentino","tag-sudamerica"],"yoast_head":"<!-- This site is optimized with the Yoast SEO plugin v27.4 - https:\/\/yoast.com\/product\/yoast-seo-wordpress\/ -->\n<title>Como hacer el trekking por la Quebrada de las Se\u00f1oritas en Uqu\u00eda, Jujuy - El Prisma de Fer<\/title>\n<meta name=\"description\" content=\"Gu\u00eda para hacer el trekking a la Quebrada de las Se\u00f1oritas en Uqu\u00eda, Jujuy. C\u00f3mo llegar, duraci\u00f3n, precio, gu\u00edas y qu\u00e9 esperar del recorrido.\" \/>\n<meta name=\"robots\" content=\"index, follow, max-snippet:-1, max-image-preview:large, max-video-preview:-1\" \/>\n<link rel=\"canonical\" href=\"https:\/\/elprismadefer.com\/en\/como-hacer-el-trekking-por-la-quebrada-de-las-senoritas-en-uquia-jujuy\/\" \/>\n<meta property=\"og:locale\" content=\"en_US\" \/>\n<meta property=\"og:type\" content=\"article\" \/>\n<meta property=\"og:title\" content=\"Como hacer el trekking por la Quebrada de las Se\u00f1oritas en Uqu\u00eda, Jujuy - El Prisma de Fer\" \/>\n<meta property=\"og:description\" content=\"Gu\u00eda para hacer el trekking a la Quebrada de las Se\u00f1oritas en Uqu\u00eda, Jujuy. C\u00f3mo llegar, duraci\u00f3n, precio, gu\u00edas y qu\u00e9 esperar del recorrido.\" \/>\n<meta property=\"og:url\" content=\"https:\/\/elprismadefer.com\/en\/como-hacer-el-trekking-por-la-quebrada-de-las-senoritas-en-uquia-jujuy\/\" \/>\n<meta property=\"og:site_name\" content=\"El Prisma de Fer\" \/>\n<meta property=\"article:published_time\" content=\"2026-01-26T12:00:00+00:00\" \/>\n<meta property=\"article:modified_time\" content=\"2026-01-29T12:42:08+00:00\" \/>\n<meta property=\"og:image\" content=\"https:\/\/elprismadefer.com\/wp-content\/uploads\/2026\/01\/blog_uquia13.webp\" \/>\n\t<meta property=\"og:image:width\" content=\"1300\" \/>\n\t<meta property=\"og:image:height\" content=\"732\" \/>\n\t<meta property=\"og:image:type\" content=\"image\/webp\" \/>\n<meta name=\"author\" content=\"Fernando\" \/>\n<meta name=\"twitter:card\" content=\"summary_large_image\" \/>\n<meta name=\"twitter:creator\" content=\"@prismaDeFer\" \/>\n<meta name=\"twitter:site\" content=\"@prismaDeFer\" \/>\n<meta name=\"twitter:label1\" content=\"Written by\" \/>\n\t<meta name=\"twitter:data1\" content=\"Fernando\" \/>\n\t<meta name=\"twitter:label2\" content=\"Est. reading time\" \/>\n\t<meta name=\"twitter:data2\" content=\"13 minutes\" \/>\n<script type=\"application\/ld+json\" class=\"yoast-schema-graph\">{\"@context\":\"https:\\\/\\\/schema.org\",\"@graph\":[{\"@type\":\"Article\",\"@id\":\"https:\\\/\\\/elprismadefer.com\\\/como-hacer-el-trekking-por-la-quebrada-de-las-senoritas-en-uquia-jujuy\\\/#article\",\"isPartOf\":{\"@id\":\"https:\\\/\\\/elprismadefer.com\\\/como-hacer-el-trekking-por-la-quebrada-de-las-senoritas-en-uquia-jujuy\\\/\"},\"author\":{\"name\":\"Fernando\",\"@id\":\"https:\\\/\\\/elprismadefer.com\\\/#\\\/schema\\\/person\\\/7e3e4fb7491a837023acaddd2ac658d7\"},\"headline\":\"How to do the trek through the Quebrada de las Se\u00f1oritas in Uqu\u00eda, Jujuy\",\"datePublished\":\"2026-01-26T12:00:00+00:00\",\"dateModified\":\"2026-01-29T12:42:08+00:00\",\"mainEntityOfPage\":{\"@id\":\"https:\\\/\\\/elprismadefer.com\\\/como-hacer-el-trekking-por-la-quebrada-de-las-senoritas-en-uquia-jujuy\\\/\"},\"wordCount\":1868,\"commentCount\":0,\"publisher\":{\"@id\":\"https:\\\/\\\/elprismadefer.com\\\/#\\\/schema\\\/person\\\/7e3e4fb7491a837023acaddd2ac658d7\"},\"image\":{\"@id\":\"https:\\\/\\\/elprismadefer.com\\\/como-hacer-el-trekking-por-la-quebrada-de-las-senoritas-en-uquia-jujuy\\\/#primaryimage\"},\"thumbnailUrl\":\"https:\\\/\\\/elprismadefer.com\\\/wp-content\\\/uploads\\\/2026\\\/01\\\/blog_uquia13.webp\",\"keywords\":[\"jujuy\",\"noroeste argentino\",\"sudamerica\"],\"articleSection\":[\"Am\u00e9rica\",\"Argentina\"],\"inLanguage\":\"en-US\",\"potentialAction\":[{\"@type\":\"CommentAction\",\"name\":\"Comment\",\"target\":[\"https:\\\/\\\/elprismadefer.com\\\/como-hacer-el-trekking-por-la-quebrada-de-las-senoritas-en-uquia-jujuy\\\/#respond\"]}],\"description\":\"Guide to trekking to the Quebrada de las Se\u00f1oritas in Uqu\u00eda, Jujuy. How to get there, duration, price, guides, and what to expect from the trek.\"},{\"@type\":\"WebPage\",\"@id\":\"https:\\\/\\\/elprismadefer.com\\\/como-hacer-el-trekking-por-la-quebrada-de-las-senoritas-en-uquia-jujuy\\\/\",\"url\":\"https:\\\/\\\/elprismadefer.com\\\/como-hacer-el-trekking-por-la-quebrada-de-las-senoritas-en-uquia-jujuy\\\/\",\"name\":\"Como hacer el trekking por la Quebrada de las Se\u00f1oritas en Uqu\u00eda, Jujuy - El Prisma de Fer\",\"isPartOf\":{\"@id\":\"https:\\\/\\\/elprismadefer.com\\\/#website\"},\"primaryImageOfPage\":{\"@id\":\"https:\\\/\\\/elprismadefer.com\\\/como-hacer-el-trekking-por-la-quebrada-de-las-senoritas-en-uquia-jujuy\\\/#primaryimage\"},\"image\":{\"@id\":\"https:\\\/\\\/elprismadefer.com\\\/como-hacer-el-trekking-por-la-quebrada-de-las-senoritas-en-uquia-jujuy\\\/#primaryimage\"},\"thumbnailUrl\":\"https:\\\/\\\/elprismadefer.com\\\/wp-content\\\/uploads\\\/2026\\\/01\\\/blog_uquia13.webp\",\"datePublished\":\"2026-01-26T12:00:00+00:00\",\"dateModified\":\"2026-01-29T12:42:08+00:00\",\"description\":\"Guide to trekking to the Quebrada de las Se\u00f1oritas in Uqu\u00eda, Jujuy. How to get there, duration, price, guides, and what to expect from the trek.\",\"breadcrumb\":{\"@id\":\"https:\\\/\\\/elprismadefer.com\\\/como-hacer-el-trekking-por-la-quebrada-de-las-senoritas-en-uquia-jujuy\\\/#breadcrumb\"},\"inLanguage\":\"en-US\",\"potentialAction\":[{\"@type\":\"ReadAction\",\"target\":[\"https:\\\/\\\/elprismadefer.com\\\/como-hacer-el-trekking-por-la-quebrada-de-las-senoritas-en-uquia-jujuy\\\/\"]}],\"headline\":\"How to do the trek through the Quebrada de las Se\u00f1oritas in Uqu\u00eda, Jujuy\"},{\"@type\":\"ImageObject\",\"inLanguage\":\"en-US\",\"@id\":\"https:\\\/\\\/elprismadefer.com\\\/como-hacer-el-trekking-por-la-quebrada-de-las-senoritas-en-uquia-jujuy\\\/#primaryimage\",\"url\":\"https:\\\/\\\/elprismadefer.com\\\/wp-content\\\/uploads\\\/2026\\\/01\\\/blog_uquia13.webp\",\"contentUrl\":\"https:\\\/\\\/elprismadefer.com\\\/wp-content\\\/uploads\\\/2026\\\/01\\\/blog_uquia13.webp\",\"width\":1300,\"height\":732,\"caption\":\"Cerros de colores y cactus durante el trekking en la Quebrada de las Se\u00f1oritas\"},{\"@type\":\"BreadcrumbList\",\"@id\":\"https:\\\/\\\/elprismadefer.com\\\/como-hacer-el-trekking-por-la-quebrada-de-las-senoritas-en-uquia-jujuy\\\/#breadcrumb\",\"itemListElement\":[{\"@type\":\"ListItem\",\"position\":1,\"name\":\"Inicio\",\"item\":\"https:\\\/\\\/elprismadefer.com\\\/\"},{\"@type\":\"ListItem\",\"position\":2,\"name\":\"Como hacer el trekking por la Quebrada de las Se\u00f1oritas en Uqu\u00eda, Jujuy\"}]},{\"@type\":\"WebSite\",\"@id\":\"https:\\\/\\\/elprismadefer.com\\\/#website\",\"url\":\"https:\\\/\\\/elprismadefer.com\\\/\",\"name\":\"El Prisma de Fer\",\"description\":\"Blog de viajes\",\"publisher\":{\"@id\":\"https:\\\/\\\/elprismadefer.com\\\/#\\\/schema\\\/person\\\/7e3e4fb7491a837023acaddd2ac658d7\"},\"potentialAction\":[{\"@type\":\"SearchAction\",\"target\":{\"@type\":\"EntryPoint\",\"urlTemplate\":\"https:\\\/\\\/elprismadefer.com\\\/?s={search_term_string}\"},\"query-input\":{\"@type\":\"PropertyValueSpecification\",\"valueRequired\":true,\"valueName\":\"search_term_string\"}}],\"inLanguage\":\"en-US\"},{\"@type\":\"Person\",\"@id\":\"https:\\\/\\\/elprismadefer.com\\\/#\\\/schema\\\/person\\\/7e3e4fb7491a837023acaddd2ac658d7\",\"name\":\"Fernando\",\"image\":{\"@type\":\"ImageObject\",\"inLanguage\":\"en-US\",\"@id\":\"https:\\\/\\\/elprismadefer.com\\\/wp-content\\\/uploads\\\/2025\\\/10\\\/blog_khiva31_home.webp\",\"url\":\"https:\\\/\\\/elprismadefer.com\\\/wp-content\\\/uploads\\\/2025\\\/10\\\/blog_khiva31_home.webp\",\"contentUrl\":\"https:\\\/\\\/elprismadefer.com\\\/wp-content\\\/uploads\\\/2025\\\/10\\\/blog_khiva31_home.webp\",\"width\":2000,\"height\":900,\"caption\":\"Fernando\"},\"description\":\"Fernando is a full-stack developer and independent traveler with years of experience exploring diverse destinations around the world, particularly in Asia and South America. Among his most notable journeys was the one he made along the Silk Road, from China to T\u00fcrkiye, also visiting the Indian subcontinent. Specializing in travel logistics in remote regions, he combines his analytical skills as a programmer with his field experience to create clear, precise guides accompanied by detailed maps. Through The Prism of Fer (\\\"El Prisma de Fer in spanish\\\"), he aims to make complex destinations accessible in a simple way, providing firsthand, verified information based on real-life experiences.\",\"sameAs\":[\"https:\\\/\\\/www.elprismadefer.com\\\/\",\"https:\\\/\\\/www.instagram.com\\\/el.prisma.de.fer\",\"https:\\\/\\\/www.linkedin.com\\\/in\\\/fernando-ca\u00edno-9b67a51b\\\/\",\"https:\\\/\\\/ar.pinterest.com\\\/elPrismaDeFer\\\/\",\"https:\\\/\\\/x.com\\\/prismaDeFer\",\"https:\\\/\\\/www.youtube.com\\\/@elprismadefer\",\"https:\\\/\\\/www.tumblr.com\\\/blog\\\/elprismadefer-blog\",\"https:\\\/\\\/www.tiktok.com\\\/@el.prisma.de.fer\",\"https:\\\/\\\/mastodon.social\\\/@elPrismaDeFer\",\"https:\\\/\\\/bsky.app\\\/profile\\\/theprismoffer.bsky.social\",\"https:\\\/\\\/www.reddit.com\\\/user\\\/the_Prism_of_Fer\\\/\",\"https:\\\/\\\/www.quora.com\\\/profile\\\/The-Prism-of-Fer\",\"https:\\\/\\\/www.tripadvisor.com\\\/Profile\\\/elPrismaDeFer\",\"https:\\\/\\\/www.google.com\\\/maps\\\/contrib\\\/104813403271976363413\\\/reviews\\\/@-4.2707352,-22.364449,3z\\\/data=!3m1!4b1!4m3!8m2!3m1!1e1?entry=ttu&g_ep=EgoyMDI2MDMxMS4wIKXMDSoASAFQAw%3D%3D\"],\"jobTitle\":\"Full-stack Developer & Travel Blogger\",\"alternateName\":[\"The Prism of Fer\",\"El Prisma de Fer\"],\"url\":\"https:\\\/\\\/elprismadefer.com\\\/en\\\/sobre-el-prisma-de-fer\\\/\",\"knowsAbout\":[\"Travel Photography\",\"Independent travel in all Asia (Central, South, East, Southeast, Caucasus)\",\"Independent travel in South America\",\"Silk Road history and logistics\",\"Long-distance trekking and hiking\",\"Full-stack Web Development (React, PHP, MySQL)\",\"Search Engine Optimization (SEO) for Travel Blogs\"]}]}<\/script>\n<!-- \/ Yoast SEO plugin. -->","yoast_head_json":{"title":"Como hacer el trekking por la Quebrada de las Se\u00f1oritas en Uqu\u00eda, Jujuy - El Prisma de Fer","description":"Gu\u00eda para hacer el trekking a la Quebrada de las Se\u00f1oritas en Uqu\u00eda, Jujuy. C\u00f3mo llegar, duraci\u00f3n, precio, gu\u00edas y qu\u00e9 esperar del recorrido.","robots":{"index":"index","follow":"follow","max-snippet":"max-snippet:-1","max-image-preview":"max-image-preview:large","max-video-preview":"max-video-preview:-1"},"canonical":"https:\/\/elprismadefer.com\/en\/como-hacer-el-trekking-por-la-quebrada-de-las-senoritas-en-uquia-jujuy\/","og_locale":"en_US","og_type":"article","og_title":"Como hacer el trekking por la Quebrada de las Se\u00f1oritas en Uqu\u00eda, Jujuy - El Prisma de Fer","og_description":"Gu\u00eda para hacer el trekking a la Quebrada de las Se\u00f1oritas en Uqu\u00eda, Jujuy. C\u00f3mo llegar, duraci\u00f3n, precio, gu\u00edas y qu\u00e9 esperar del recorrido.","og_url":"https:\/\/elprismadefer.com\/en\/como-hacer-el-trekking-por-la-quebrada-de-las-senoritas-en-uquia-jujuy\/","og_site_name":"El Prisma de Fer","article_published_time":"2026-01-26T12:00:00+00:00","article_modified_time":"2026-01-29T12:42:08+00:00","og_image":[{"width":1300,"height":732,"url":"https:\/\/elprismadefer.com\/wp-content\/uploads\/2026\/01\/blog_uquia13.webp","type":"image\/webp"}],"author":"Fernando","twitter_card":"summary_large_image","twitter_creator":"@prismaDeFer","twitter_site":"@prismaDeFer","twitter_misc":{"Written by":"Fernando","Est. reading time":"13 minutes"},"schema":{"@context":"https:\/\/schema.org","@graph":[{"@type":"Article","@id":"https:\/\/elprismadefer.com\/como-hacer-el-trekking-por-la-quebrada-de-las-senoritas-en-uquia-jujuy\/#article","isPartOf":{"@id":"https:\/\/elprismadefer.com\/como-hacer-el-trekking-por-la-quebrada-de-las-senoritas-en-uquia-jujuy\/"},"author":{"name":"Fernando","@id":"https:\/\/elprismadefer.com\/#\/schema\/person\/7e3e4fb7491a837023acaddd2ac658d7"},"headline":"How to do the trek through the Quebrada de las Se\u00f1oritas in Uqu\u00eda, Jujuy","datePublished":"2026-01-26T12:00:00+00:00","dateModified":"2026-01-29T12:42:08+00:00","mainEntityOfPage":{"@id":"https:\/\/elprismadefer.com\/como-hacer-el-trekking-por-la-quebrada-de-las-senoritas-en-uquia-jujuy\/"},"wordCount":1868,"commentCount":0,"publisher":{"@id":"https:\/\/elprismadefer.com\/#\/schema\/person\/7e3e4fb7491a837023acaddd2ac658d7"},"image":{"@id":"https:\/\/elprismadefer.com\/como-hacer-el-trekking-por-la-quebrada-de-las-senoritas-en-uquia-jujuy\/#primaryimage"},"thumbnailUrl":"https:\/\/elprismadefer.com\/wp-content\/uploads\/2026\/01\/blog_uquia13.webp","keywords":["jujuy","noroeste argentino","sudamerica"],"articleSection":["Am\u00e9rica","Argentina"],"inLanguage":"en-US","potentialAction":[{"@type":"CommentAction","name":"Comment","target":["https:\/\/elprismadefer.com\/como-hacer-el-trekking-por-la-quebrada-de-las-senoritas-en-uquia-jujuy\/#respond"]}],"description":"Guide to trekking to the Quebrada de las Se\u00f1oritas in Uqu\u00eda, Jujuy. How to get there, duration, price, guides, and what to expect from the trek."},{"@type":"WebPage","@id":"https:\/\/elprismadefer.com\/como-hacer-el-trekking-por-la-quebrada-de-las-senoritas-en-uquia-jujuy\/","url":"https:\/\/elprismadefer.com\/como-hacer-el-trekking-por-la-quebrada-de-las-senoritas-en-uquia-jujuy\/","name":"Como hacer el trekking por la Quebrada de las Se\u00f1oritas en Uqu\u00eda, Jujuy - El Prisma de Fer","isPartOf":{"@id":"https:\/\/elprismadefer.com\/#website"},"primaryImageOfPage":{"@id":"https:\/\/elprismadefer.com\/como-hacer-el-trekking-por-la-quebrada-de-las-senoritas-en-uquia-jujuy\/#primaryimage"},"image":{"@id":"https:\/\/elprismadefer.com\/como-hacer-el-trekking-por-la-quebrada-de-las-senoritas-en-uquia-jujuy\/#primaryimage"},"thumbnailUrl":"https:\/\/elprismadefer.com\/wp-content\/uploads\/2026\/01\/blog_uquia13.webp","datePublished":"2026-01-26T12:00:00+00:00","dateModified":"2026-01-29T12:42:08+00:00","description":"Guide to trekking to the Quebrada de las Se\u00f1oritas in Uqu\u00eda, Jujuy. How to get there, duration, price, guides, and what to expect from the trek.","breadcrumb":{"@id":"https:\/\/elprismadefer.com\/como-hacer-el-trekking-por-la-quebrada-de-las-senoritas-en-uquia-jujuy\/#breadcrumb"},"inLanguage":"en-US","potentialAction":[{"@type":"ReadAction","target":["https:\/\/elprismadefer.com\/como-hacer-el-trekking-por-la-quebrada-de-las-senoritas-en-uquia-jujuy\/"]}],"headline":"How to do the trek through the Quebrada de las Se\u00f1oritas in Uqu\u00eda, Jujuy"},{"@type":"ImageObject","inLanguage":"en-US","@id":"https:\/\/elprismadefer.com\/como-hacer-el-trekking-por-la-quebrada-de-las-senoritas-en-uquia-jujuy\/#primaryimage","url":"https:\/\/elprismadefer.com\/wp-content\/uploads\/2026\/01\/blog_uquia13.webp","contentUrl":"https:\/\/elprismadefer.com\/wp-content\/uploads\/2026\/01\/blog_uquia13.webp","width":1300,"height":732,"caption":"Cerros de colores y cactus durante el trekking en la Quebrada de las Se\u00f1oritas"},{"@type":"BreadcrumbList","@id":"https:\/\/elprismadefer.com\/como-hacer-el-trekking-por-la-quebrada-de-las-senoritas-en-uquia-jujuy\/#breadcrumb","itemListElement":[{"@type":"ListItem","position":1,"name":"Inicio","item":"https:\/\/elprismadefer.com\/"},{"@type":"ListItem","position":2,"name":"Como hacer el trekking por la Quebrada de las Se\u00f1oritas en Uqu\u00eda, Jujuy"}]},{"@type":"WebSite","@id":"https:\/\/elprismadefer.com\/#website","url":"https:\/\/elprismadefer.com\/","name":"The Prism of Fer","description":"Blog de viajes","publisher":{"@id":"https:\/\/elprismadefer.com\/#\/schema\/person\/7e3e4fb7491a837023acaddd2ac658d7"},"potentialAction":[{"@type":"SearchAction","target":{"@type":"EntryPoint","urlTemplate":"https:\/\/elprismadefer.com\/?s={search_term_string}"},"query-input":{"@type":"PropertyValueSpecification","valueRequired":true,"valueName":"search_term_string"}}],"inLanguage":"en-US"},{"@type":"Person","@id":"https:\/\/elprismadefer.com\/#\/schema\/person\/7e3e4fb7491a837023acaddd2ac658d7","name":"Fernando","image":{"@type":"ImageObject","inLanguage":"en-US","@id":"https:\/\/elprismadefer.com\/wp-content\/uploads\/2025\/10\/blog_khiva31_home.webp","url":"https:\/\/elprismadefer.com\/wp-content\/uploads\/2025\/10\/blog_khiva31_home.webp","contentUrl":"https:\/\/elprismadefer.com\/wp-content\/uploads\/2025\/10\/blog_khiva31_home.webp","width":2000,"height":900,"caption":"Fernando"},"description":"Fernando is a full-stack developer and independent traveler with years of experience exploring diverse destinations around the world, particularly in Asia and South America. Among his most notable journeys was the one he made along the Silk Road, from China to T\u00fcrkiye, also visiting the Indian subcontinent. Specializing in travel logistics in remote regions, he combines his analytical skills as a programmer with his field experience to create clear, precise guides accompanied by detailed maps. Through The Prism of Fer (\"El Prisma de Fer in spanish\"), he aims to make complex destinations accessible in a simple way, providing firsthand, verified information based on real-life experiences.","sameAs":["https:\/\/www.elprismadefer.com\/","https:\/\/www.instagram.com\/el.prisma.de.fer","https:\/\/www.linkedin.com\/in\/fernando-ca\u00edno-9b67a51b\/","https:\/\/ar.pinterest.com\/elPrismaDeFer\/","https:\/\/x.com\/prismaDeFer","https:\/\/www.youtube.com\/@elprismadefer","https:\/\/www.tumblr.com\/blog\/elprismadefer-blog","https:\/\/www.tiktok.com\/@el.prisma.de.fer","https:\/\/mastodon.social\/@elPrismaDeFer","https:\/\/bsky.app\/profile\/theprismoffer.bsky.social","https:\/\/www.reddit.com\/user\/the_Prism_of_Fer\/","https:\/\/www.quora.com\/profile\/The-Prism-of-Fer","https:\/\/www.tripadvisor.com\/Profile\/elPrismaDeFer","https:\/\/www.google.com\/maps\/contrib\/104813403271976363413\/reviews\/@-4.2707352,-22.364449,3z\/data=!3m1!4b1!4m3!8m2!3m1!1e1?entry=ttu&g_ep=EgoyMDI2MDMxMS4wIKXMDSoASAFQAw%3D%3D"],"jobTitle":"Full-stack Developer & Travel Blogger","alternateName":["The Prism of Fer","El Prisma de Fer"],"url":"https:\/\/elprismadefer.com\/en\/sobre-el-prisma-de-fer\/","knowsAbout":["Travel Photography","Independent travel in all Asia (Central, South, East, Southeast, Caucasus)","Independent travel in South America","Silk Road history and logistics","Long-distance trekking and hiking","Full-stack Web Development (React, PHP, MySQL)","Search Engine Optimization (SEO) for Travel Blogs"]}]}},"rttpg_featured_image_url":{"full":["https:\/\/elprismadefer.com\/wp-content\/uploads\/2026\/01\/blog_uquia13.webp",1300,732,false],"landscape":["https:\/\/elprismadefer.com\/wp-content\/uploads\/2026\/01\/blog_uquia13.webp",1300,732,false],"portraits":["https:\/\/elprismadefer.com\/wp-content\/uploads\/2026\/01\/blog_uquia13.webp",1300,732,false],"thumbnail":["https:\/\/elprismadefer.com\/wp-content\/uploads\/2026\/01\/blog_uquia13-150x150.webp",150,150,true],"medium":["https:\/\/elprismadefer.com\/wp-content\/uploads\/2026\/01\/blog_uquia13-600x338.webp",600,338,true],"large":["https:\/\/elprismadefer.com\/wp-content\/uploads\/2026\/01\/blog_uquia13-800x450.webp",640,360,true],"1536x1536":["https:\/\/elprismadefer.com\/wp-content\/uploads\/2026\/01\/blog_uquia13.webp",1300,732,false],"2048x2048":["https:\/\/elprismadefer.com\/wp-content\/uploads\/2026\/01\/blog_uquia13.webp",1300,732,false],"fascinate-thumbnail-one":["https:\/\/elprismadefer.com\/wp-content\/uploads\/2026\/01\/blog_uquia13-800x450.webp",800,450,true],"fascinate-thumbnail-two":["https:\/\/elprismadefer.com\/wp-content\/uploads\/2026\/01\/blog_uquia13-450x450.webp",450,450,true],"fascinate-thumbnail-small":["https:\/\/elprismadefer.com\/wp-content\/uploads\/2026\/01\/blog_uquia13-400x225.webp",400,225,true]},"rttpg_author":{"display_name":"Fernando","author_link":"https:\/\/elprismadefer.com\/en\/sobre-el-prisma-de-fer\/"},"rttpg_comment":0,"rttpg_category":"<a href=\"https:\/\/elprismadefer.com\/en\/category\/america\/\" rel=\"category tag\">Am\u00e9rica<\/a> <a href=\"https:\/\/elprismadefer.com\/en\/category\/america\/argentina\/\" rel=\"category tag\">Argentina<\/a>","rttpg_excerpt":"Un mini trekking que se puso de moda en los \u00faltimos a\u00f1os en la Quebrada de Humahuaca es el que se puede hacer en Uqu\u00eda, dentro de la llamada Quebrada...","_links":{"self":[{"href":"https:\/\/elprismadefer.com\/en\/wp-json\/wp\/v2\/posts\/42923","targetHints":{"allow":["GET"]}}],"collection":[{"href":"https:\/\/elprismadefer.com\/en\/wp-json\/wp\/v2\/posts"}],"about":[{"href":"https:\/\/elprismadefer.com\/en\/wp-json\/wp\/v2\/types\/post"}],"author":[{"embeddable":true,"href":"https:\/\/elprismadefer.com\/en\/wp-json\/wp\/v2\/users\/1"}],"replies":[{"embeddable":true,"href":"https:\/\/elprismadefer.com\/en\/wp-json\/wp\/v2\/comments?post=42923"}],"version-history":[{"count":5,"href":"https:\/\/elprismadefer.com\/en\/wp-json\/wp\/v2\/posts\/42923\/revisions"}],"predecessor-version":[{"id":43025,"href":"https:\/\/elprismadefer.com\/en\/wp-json\/wp\/v2\/posts\/42923\/revisions\/43025"}],"wp:featuredmedia":[{"embeddable":true,"href":"https:\/\/elprismadefer.com\/en\/wp-json\/wp\/v2\/media\/42798"}],"wp:attachment":[{"href":"https:\/\/elprismadefer.com\/en\/wp-json\/wp\/v2\/media?parent=42923"}],"wp:term":[{"taxonomy":"category","embeddable":true,"href":"https:\/\/elprismadefer.com\/en\/wp-json\/wp\/v2\/categories?post=42923"},{"taxonomy":"post_tag","embeddable":true,"href":"https:\/\/elprismadefer.com\/en\/wp-json\/wp\/v2\/tags?post=42923"}],"curies":[{"name":"wp","href":"https:\/\/api.w.org\/{rel}","templated":true}]}}