{"id":2719,"date":"2019-02-07T03:03:52","date_gmt":"2019-02-07T06:03:52","guid":{"rendered":"http:\/\/elprismadefer.com\/?p=2719"},"modified":"2025-10-27T11:47:23","modified_gmt":"2025-10-27T14:47:23","slug":"galeria-de-fotos-colombia","status":"publish","type":"post","link":"https:\/\/elprismadefer.com\/en\/galeria-de-fotos-colombia\/","title":{"rendered":"Photo gallery: Colombia"},"content":{"rendered":"<h4 class=\"wp-block-heading\">Galer\u00eda de Colombia<\/h4>\n\n\n\n<p>Fotograf\u00edas obtenidas durante mi viaje por Colombia.<\/p>\n\n\n\n<p class=\"has-background has-very-light-gray-background-color\">If you&#039;d like to help me maintain the blog, you can purchase any of the photographs I have published in the Adobe Stock image archive. To do so, simply go to the following link: <a href=\"https:\/\/stock.adobe.com\/ar\/contributor\/204791009\/elPrismaDeFer\" target=\"_blank\" rel=\"noreferrer noopener\" aria-label=\"link (opens in a new tab)\">link <\/a>and buy the one you like the most.<\/p>\n\n\n\n<div class=\"wp-block-image\"><figure class=\"aligncenter size-large is-resized\"><a href=\"https:\/\/stock.adobe.com\/ar\/contributor\/204791009\/elPrismaDeFer\" target=\"_blank\" rel=\"noreferrer noopener\"><img loading=\"lazy\" decoding=\"async\" src=\"http:\/\/elprismadefer.com\/wp-content\/uploads\/2020\/01\/Descuento-en-Booking.jpg\" alt=\"\" class=\"wp-image-4276\" width=\"400\" height=\"400\" srcset=\"https:\/\/elprismadefer.com\/wp-content\/uploads\/2020\/01\/Descuento-en-Booking.jpg 800w, https:\/\/elprismadefer.com\/wp-content\/uploads\/2020\/01\/Descuento-en-Booking-450x450.jpg 450w\" sizes=\"auto, (max-width: 400px) 100vw, 400px\" \/><\/a><\/figure><\/div>\n\n\n\n<p>Lugares: Bogot\u00e1 &#8211; Santa Marta &#8211; Taganga &#8211; Parque Nacional Tayrona &#8211; Cartagena de Indias &#8211; Isla Bar\u00fa<\/p>\n\n\n\n<div id=\"envira-gallery-wrap-3290\" class=\"envira-gallery-wrap envira-gallery-theme-base envira-lightbox-theme-base\" itemscope itemtype=\"https:\/\/schema.org\/ImageGallery\"><div data-row-height=\"150\" data-gallery-theme=\"normal\" id=\"envira-gallery-3290\" class=\"envira-gallery-public envira-gallery-justified-public envira-gallery-0-columns envira-clear enviratope envira-gallery-css-animations\" data-envira-columns=\"0\"><div id=\"envira-gallery-item-2907\" class=\"envira-gallery-item enviratope-item envira-gallery-item-1 envira-lazy-load\" style=\"padding-left: 5px; padding-bottom: 10px; padding-right: 5px;\"  itemscope itemtype=\"https:\/\/schema.org\/ImageObject\"><div class=\"envira-gallery-item-inner\"><div class=\"envira-gallery-position-overlay  envira-gallery-top-left\"><\/div><div class=\"envira-gallery-position-overlay  envira-gallery-top-right\"><\/div><div class=\"envira-gallery-position-overlay  envira-gallery-bottom-left\"><\/div><div class=\"envira-gallery-position-overlay  envira-gallery-bottom-right\"><\/div><a href=\"http:\/\/elprismadefer.com\/wp-content\/uploads\/2019\/02\/colombia22.jpg\" class=\"envira-gallery-3290 envira-gallery-link\" rel=\"enviragallery3290\" title=\"Parque Nacional Tayrona\" data-envira-caption=\"Parque Nacional Tayrona\" data-envira-retina=\"\" data-thumbnail=\"\"  itemprop=\"contentUrl\"><img decoding=\"async\" id=\"envira-gallery-image-2907\" class=\"envira-gallery-image envira-gallery-image-1 envira-normal envira-lazy\" data-envira-index=\"1\" src=\"https:\/\/elprismadefer.com\/wp-content\/uploads\/2019\/02\/colombia22-800x533.jpg\" data-envira-src=\"https:\/\/elprismadefer.com\/wp-content\/uploads\/2019\/02\/colombia22-800x533.jpg\" data-envira-gallery-id=\"3290\" data-envira-item-id=\"2907\" data-envira-caption=\"Parque Nacional Tayrona\" alt=\"Parque Nacional Tayrona\" title=\"Parque Nacional Tayrona\"  itemprop=\"thumbnailUrl\" data-envira-srcset=\"https:\/\/elprismadefer.com\/wp-content\/uploads\/2019\/02\/colombia22-800x533.jpg 400w,https:\/\/elprismadefer.com\/wp-content\/uploads\/2019\/02\/colombia22-800x533.jpg 2x\" data-envira-width=\"600\" data-envira-height=\"400\" srcset=\"data:image\/gif;base64,R0lGODlhAQABAIAAAP\/\/\/\/\/\/\/yH5BAEKAAEALAAAAAABAAEAAAICTAEAOw==\" data-safe-src=\"data:image\/gif;base64,R0lGODlhAQABAIAAAP\/\/\/\/\/\/\/yH5BAEKAAEALAAAAAABAAEAAAICTAEAOw==\" \/><\/a><\/div><\/div><div id=\"envira-gallery-item-2906\" class=\"envira-gallery-item enviratope-item envira-gallery-item-2 envira-lazy-load\" style=\"padding-left: 5px; padding-bottom: 10px; padding-right: 5px;\"  itemscope itemtype=\"https:\/\/schema.org\/ImageObject\"><div class=\"envira-gallery-item-inner\"><div class=\"envira-gallery-position-overlay  envira-gallery-top-left\"><\/div><div class=\"envira-gallery-position-overlay  envira-gallery-top-right\"><\/div><div class=\"envira-gallery-position-overlay  envira-gallery-bottom-left\"><\/div><div class=\"envira-gallery-position-overlay  envira-gallery-bottom-right\"><\/div><a href=\"http:\/\/elprismadefer.com\/wp-content\/uploads\/2019\/02\/colombia21.jpg\" class=\"envira-gallery-3290 envira-gallery-link\" rel=\"enviragallery3290\" title=\"Isla Bar&uacute; - Colombia\" data-envira-caption=\"Isla Bar&uacute; - Colombia\" data-envira-retina=\"\" data-thumbnail=\"\"  itemprop=\"contentUrl\"><img decoding=\"async\" id=\"envira-gallery-image-2906\" class=\"envira-gallery-image envira-gallery-image-2 envira-normal envira-lazy\" data-envira-index=\"2\" src=\"https:\/\/elprismadefer.com\/wp-content\/uploads\/2019\/02\/colombia21.jpg\" data-envira-src=\"https:\/\/elprismadefer.com\/wp-content\/uploads\/2019\/02\/colombia21.jpg\" data-envira-gallery-id=\"3290\" data-envira-item-id=\"2906\" data-envira-caption=\"Isla Bar&uacute; - Colombia\" alt=\"Isla Bar\u00fa - Colombia\" title=\"Isla Bar\u00fa - Colombia\"  itemprop=\"thumbnailUrl\" data-envira-srcset=\"https:\/\/elprismadefer.com\/wp-content\/uploads\/2019\/02\/colombia21.jpg 400w,https:\/\/elprismadefer.com\/wp-content\/uploads\/2019\/02\/colombia21.jpg 2x\" data-envira-width=\"533\" data-envira-height=\"400\" srcset=\"data:image\/gif;base64,R0lGODlhAQABAIAAAP\/\/\/\/\/\/\/yH5BAEKAAEALAAAAAABAAEAAAICTAEAOw==\" data-safe-src=\"data:image\/gif;base64,R0lGODlhAQABAIAAAP\/\/\/\/\/\/\/yH5BAEKAAEALAAAAAABAAEAAAICTAEAOw==\" \/><\/a><\/div><\/div><div id=\"envira-gallery-item-2905\" class=\"envira-gallery-item enviratope-item envira-gallery-item-3 envira-lazy-load\" style=\"padding-left: 5px; padding-bottom: 10px; padding-right: 5px;\"  itemscope itemtype=\"https:\/\/schema.org\/ImageObject\"><div class=\"envira-gallery-item-inner\"><div class=\"envira-gallery-position-overlay  envira-gallery-top-left\"><\/div><div class=\"envira-gallery-position-overlay  envira-gallery-top-right\"><\/div><div class=\"envira-gallery-position-overlay  envira-gallery-bottom-left\"><\/div><div class=\"envira-gallery-position-overlay  envira-gallery-bottom-right\"><\/div><a href=\"http:\/\/elprismadefer.com\/wp-content\/uploads\/2019\/02\/colombia20.jpg\" class=\"envira-gallery-3290 envira-gallery-link\" rel=\"enviragallery3290\" title=\"Isla Bar&uacute; - Colombia\" data-envira-caption=\"Isla Bar&uacute; - Colombia\" data-envira-retina=\"\" data-thumbnail=\"\"  itemprop=\"contentUrl\"><img decoding=\"async\" id=\"envira-gallery-image-2905\" class=\"envira-gallery-image envira-gallery-image-3 envira-normal envira-lazy\" data-envira-index=\"3\" src=\"https:\/\/elprismadefer.com\/wp-content\/uploads\/2019\/02\/colombia20.jpg\" data-envira-src=\"https:\/\/elprismadefer.com\/wp-content\/uploads\/2019\/02\/colombia20.jpg\" data-envira-gallery-id=\"3290\" data-envira-item-id=\"2905\" data-envira-caption=\"Isla Bar&uacute; - Colombia\" alt=\"Isla Bar\u00fa - Colombia\" title=\"Isla Bar\u00fa - Colombia\"  itemprop=\"thumbnailUrl\" data-envira-srcset=\"https:\/\/elprismadefer.com\/wp-content\/uploads\/2019\/02\/colombia20.jpg 400w,https:\/\/elprismadefer.com\/wp-content\/uploads\/2019\/02\/colombia20.jpg 2x\" data-envira-width=\"342\" data-envira-height=\"400\" srcset=\"data:image\/gif;base64,R0lGODlhAQABAIAAAP\/\/\/\/\/\/\/yH5BAEKAAEALAAAAAABAAEAAAICTAEAOw==\" data-safe-src=\"data:image\/gif;base64,R0lGODlhAQABAIAAAP\/\/\/\/\/\/\/yH5BAEKAAEALAAAAAABAAEAAAICTAEAOw==\" \/><\/a><\/div><\/div><div id=\"envira-gallery-item-2904\" class=\"envira-gallery-item enviratope-item envira-gallery-item-4 envira-lazy-load\" style=\"padding-left: 5px; padding-bottom: 10px; padding-right: 5px;\"  itemscope itemtype=\"https:\/\/schema.org\/ImageObject\"><div class=\"envira-gallery-item-inner\"><div class=\"envira-gallery-position-overlay  envira-gallery-top-left\"><\/div><div class=\"envira-gallery-position-overlay  envira-gallery-top-right\"><\/div><div class=\"envira-gallery-position-overlay  envira-gallery-bottom-left\"><\/div><div class=\"envira-gallery-position-overlay  envira-gallery-bottom-right\"><\/div><a href=\"http:\/\/elprismadefer.com\/wp-content\/uploads\/2019\/02\/colombia18.jpg\" class=\"envira-gallery-3290 envira-gallery-link\" rel=\"enviragallery3290\" title=\"Isla Bar&uacute; - Colombia\" data-envira-caption=\"Isla Bar&uacute; - Colombia\" data-envira-retina=\"\" data-thumbnail=\"\"  itemprop=\"contentUrl\"><img decoding=\"async\" id=\"envira-gallery-image-2904\" class=\"envira-gallery-image envira-gallery-image-4 envira-normal envira-lazy\" data-envira-index=\"4\" src=\"https:\/\/elprismadefer.com\/wp-content\/uploads\/2019\/02\/colombia18.jpg\" data-envira-src=\"https:\/\/elprismadefer.com\/wp-content\/uploads\/2019\/02\/colombia18.jpg\" data-envira-gallery-id=\"3290\" data-envira-item-id=\"2904\" data-envira-caption=\"Isla Bar&uacute; - Colombia\" alt=\"Isla Bar\u00fa - Colombia\" title=\"Isla Bar\u00fa - Colombia\"  itemprop=\"thumbnailUrl\" data-envira-srcset=\"https:\/\/elprismadefer.com\/wp-content\/uploads\/2019\/02\/colombia18.jpg 400w,https:\/\/elprismadefer.com\/wp-content\/uploads\/2019\/02\/colombia18.jpg 2x\" data-envira-width=\"533\" data-envira-height=\"400\" srcset=\"data:image\/gif;base64,R0lGODlhAQABAIAAAP\/\/\/\/\/\/\/yH5BAEKAAEALAAAAAABAAEAAAICTAEAOw==\" data-safe-src=\"data:image\/gif;base64,R0lGODlhAQABAIAAAP\/\/\/\/\/\/\/yH5BAEKAAEALAAAAAABAAEAAAICTAEAOw==\" \/><\/a><\/div><\/div><div id=\"envira-gallery-item-2903\" class=\"envira-gallery-item enviratope-item envira-gallery-item-5 envira-lazy-load\" style=\"padding-left: 5px; padding-bottom: 10px; padding-right: 5px;\"  itemscope itemtype=\"https:\/\/schema.org\/ImageObject\"><div class=\"envira-gallery-item-inner\"><div class=\"envira-gallery-position-overlay  envira-gallery-top-left\"><\/div><div class=\"envira-gallery-position-overlay  envira-gallery-top-right\"><\/div><div class=\"envira-gallery-position-overlay  envira-gallery-bottom-left\"><\/div><div class=\"envira-gallery-position-overlay  envira-gallery-bottom-right\"><\/div><a href=\"http:\/\/elprismadefer.com\/wp-content\/uploads\/2019\/02\/colombia17.jpg\" class=\"envira-gallery-3290 envira-gallery-link\" rel=\"enviragallery3290\" title=\"Cartagena de Indias - Colombia\" data-envira-caption=\"Cartagena de Indias - Colombia\" data-envira-retina=\"\" data-thumbnail=\"\"  itemprop=\"contentUrl\"><img decoding=\"async\" id=\"envira-gallery-image-2903\" class=\"envira-gallery-image envira-gallery-image-5 envira-normal envira-lazy\" data-envira-index=\"5\" src=\"https:\/\/elprismadefer.com\/wp-content\/uploads\/2019\/02\/colombia17.jpg\" data-envira-src=\"https:\/\/elprismadefer.com\/wp-content\/uploads\/2019\/02\/colombia17.jpg\" data-envira-gallery-id=\"3290\" data-envira-item-id=\"2903\" data-envira-caption=\"Cartagena de Indias - Colombia\" alt=\"Cartagena de Indias - Colombia\" title=\"Cartagena de Indias - Colombia\"  itemprop=\"thumbnailUrl\" data-envira-srcset=\"https:\/\/elprismadefer.com\/wp-content\/uploads\/2019\/02\/colombia17.jpg 400w,https:\/\/elprismadefer.com\/wp-content\/uploads\/2019\/02\/colombia17.jpg 2x\" data-envira-width=\"533\" data-envira-height=\"400\" srcset=\"data:image\/gif;base64,R0lGODlhAQABAIAAAP\/\/\/\/\/\/\/yH5BAEKAAEALAAAAAABAAEAAAICTAEAOw==\" data-safe-src=\"data:image\/gif;base64,R0lGODlhAQABAIAAAP\/\/\/\/\/\/\/yH5BAEKAAEALAAAAAABAAEAAAICTAEAOw==\" \/><\/a><\/div><\/div><div id=\"envira-gallery-item-2902\" class=\"envira-gallery-item enviratope-item envira-gallery-item-6 envira-lazy-load\" style=\"padding-left: 5px; padding-bottom: 10px; padding-right: 5px;\"  itemscope itemtype=\"https:\/\/schema.org\/ImageObject\"><div class=\"envira-gallery-item-inner\"><div class=\"envira-gallery-position-overlay  envira-gallery-top-left\"><\/div><div class=\"envira-gallery-position-overlay  envira-gallery-top-right\"><\/div><div class=\"envira-gallery-position-overlay  envira-gallery-bottom-left\"><\/div><div class=\"envira-gallery-position-overlay  envira-gallery-bottom-right\"><\/div><a href=\"http:\/\/elprismadefer.com\/wp-content\/uploads\/2019\/02\/colombia16.jpg\" class=\"envira-gallery-3290 envira-gallery-link\" rel=\"enviragallery3290\" title=\"Cartagena de Indias - Colombia\" data-envira-caption=\"Cartagena de Indias - Colombia\" data-envira-retina=\"\" data-thumbnail=\"\"  itemprop=\"contentUrl\"><img decoding=\"async\" id=\"envira-gallery-image-2902\" class=\"envira-gallery-image envira-gallery-image-6 envira-normal envira-lazy\" data-envira-index=\"6\" src=\"https:\/\/elprismadefer.com\/wp-content\/uploads\/2019\/02\/colombia16.jpg\" data-envira-src=\"https:\/\/elprismadefer.com\/wp-content\/uploads\/2019\/02\/colombia16.jpg\" data-envira-gallery-id=\"3290\" data-envira-item-id=\"2902\" data-envira-caption=\"Cartagena de Indias - Colombia\" alt=\"Cartagena de Indias - Colombia\" title=\"Cartagena de Indias - Colombia\"  itemprop=\"thumbnailUrl\" data-envira-srcset=\"https:\/\/elprismadefer.com\/wp-content\/uploads\/2019\/02\/colombia16.jpg 400w,https:\/\/elprismadefer.com\/wp-content\/uploads\/2019\/02\/colombia16.jpg 2x\" data-envira-width=\"300\" data-envira-height=\"400\" srcset=\"data:image\/gif;base64,R0lGODlhAQABAIAAAP\/\/\/\/\/\/\/yH5BAEKAAEALAAAAAABAAEAAAICTAEAOw==\" data-safe-src=\"data:image\/gif;base64,R0lGODlhAQABAIAAAP\/\/\/\/\/\/\/yH5BAEKAAEALAAAAAABAAEAAAICTAEAOw==\" \/><\/a><\/div><\/div><div id=\"envira-gallery-item-2901\" class=\"envira-gallery-item enviratope-item envira-gallery-item-7 envira-lazy-load\" style=\"padding-left: 5px; padding-bottom: 10px; padding-right: 5px;\"  itemscope itemtype=\"https:\/\/schema.org\/ImageObject\"><div class=\"envira-gallery-item-inner\"><div class=\"envira-gallery-position-overlay  envira-gallery-top-left\"><\/div><div class=\"envira-gallery-position-overlay  envira-gallery-top-right\"><\/div><div class=\"envira-gallery-position-overlay  envira-gallery-bottom-left\"><\/div><div class=\"envira-gallery-position-overlay  envira-gallery-bottom-right\"><\/div><a href=\"http:\/\/elprismadefer.com\/wp-content\/uploads\/2019\/02\/colombia15.jpg\" class=\"envira-gallery-3290 envira-gallery-link\" rel=\"enviragallery3290\" title=\"Cartagena de Indias - Colombia\" data-envira-caption=\"Cartagena de Indias - Colombia\" data-envira-retina=\"\" data-thumbnail=\"\"  itemprop=\"contentUrl\"><img decoding=\"async\" id=\"envira-gallery-image-2901\" class=\"envira-gallery-image envira-gallery-image-7 envira-normal envira-lazy\" data-envira-index=\"7\" src=\"https:\/\/elprismadefer.com\/wp-content\/uploads\/2019\/02\/colombia15.jpg\" data-envira-src=\"https:\/\/elprismadefer.com\/wp-content\/uploads\/2019\/02\/colombia15.jpg\" data-envira-gallery-id=\"3290\" data-envira-item-id=\"2901\" data-envira-caption=\"Cartagena de Indias - Colombia\" alt=\"Cartagena de Indias - Colombia\" title=\"Cartagena de Indias - Colombia\"  itemprop=\"thumbnailUrl\" data-envira-srcset=\"https:\/\/elprismadefer.com\/wp-content\/uploads\/2019\/02\/colombia15.jpg 400w,https:\/\/elprismadefer.com\/wp-content\/uploads\/2019\/02\/colombia15.jpg 2x\" data-envira-width=\"600\" data-envira-height=\"348\" srcset=\"data:image\/gif;base64,R0lGODlhAQABAIAAAP\/\/\/\/\/\/\/yH5BAEKAAEALAAAAAABAAEAAAICTAEAOw==\" data-safe-src=\"data:image\/gif;base64,R0lGODlhAQABAIAAAP\/\/\/\/\/\/\/yH5BAEKAAEALAAAAAABAAEAAAICTAEAOw==\" \/><\/a><\/div><\/div><div id=\"envira-gallery-item-2900\" class=\"envira-gallery-item enviratope-item envira-gallery-item-8 envira-lazy-load\" style=\"padding-left: 5px; padding-bottom: 10px; padding-right: 5px;\"  itemscope itemtype=\"https:\/\/schema.org\/ImageObject\"><div class=\"envira-gallery-item-inner\"><div class=\"envira-gallery-position-overlay  envira-gallery-top-left\"><\/div><div class=\"envira-gallery-position-overlay  envira-gallery-top-right\"><\/div><div class=\"envira-gallery-position-overlay  envira-gallery-bottom-left\"><\/div><div class=\"envira-gallery-position-overlay  envira-gallery-bottom-right\"><\/div><a href=\"http:\/\/elprismadefer.com\/wp-content\/uploads\/2019\/02\/colombia14.jpg\" class=\"envira-gallery-3290 envira-gallery-link\" rel=\"enviragallery3290\" title=\"Cartagena de Indias - Colombia\" data-envira-caption=\"Cartagena de Indias - Colombia\" data-envira-retina=\"\" data-thumbnail=\"\"  itemprop=\"contentUrl\"><img decoding=\"async\" id=\"envira-gallery-image-2900\" class=\"envira-gallery-image envira-gallery-image-8 envira-normal envira-lazy\" data-envira-index=\"8\" src=\"https:\/\/elprismadefer.com\/wp-content\/uploads\/2019\/02\/colombia14.jpg\" data-envira-src=\"https:\/\/elprismadefer.com\/wp-content\/uploads\/2019\/02\/colombia14.jpg\" data-envira-gallery-id=\"3290\" data-envira-item-id=\"2900\" data-envira-caption=\"Cartagena de Indias - Colombia\" alt=\"Cartagena de Indias - Colombia\" title=\"Cartagena de Indias - Colombia\"  itemprop=\"thumbnailUrl\" data-envira-srcset=\"https:\/\/elprismadefer.com\/wp-content\/uploads\/2019\/02\/colombia14.jpg 400w,https:\/\/elprismadefer.com\/wp-content\/uploads\/2019\/02\/colombia14.jpg 2x\" data-envira-width=\"391\" data-envira-height=\"400\" srcset=\"data:image\/gif;base64,R0lGODlhAQABAIAAAP\/\/\/\/\/\/\/yH5BAEKAAEALAAAAAABAAEAAAICTAEAOw==\" data-safe-src=\"data:image\/gif;base64,R0lGODlhAQABAIAAAP\/\/\/\/\/\/\/yH5BAEKAAEALAAAAAABAAEAAAICTAEAOw==\" \/><\/a><\/div><\/div><div id=\"envira-gallery-item-2899\" class=\"envira-gallery-item enviratope-item envira-gallery-item-9 envira-lazy-load\" style=\"padding-left: 5px; padding-bottom: 10px; padding-right: 5px;\"  itemscope itemtype=\"https:\/\/schema.org\/ImageObject\"><div class=\"envira-gallery-item-inner\"><div class=\"envira-gallery-position-overlay  envira-gallery-top-left\"><\/div><div class=\"envira-gallery-position-overlay  envira-gallery-top-right\"><\/div><div class=\"envira-gallery-position-overlay  envira-gallery-bottom-left\"><\/div><div class=\"envira-gallery-position-overlay  envira-gallery-bottom-right\"><\/div><a href=\"http:\/\/elprismadefer.com\/wp-content\/uploads\/2019\/02\/colombia13.jpg\" class=\"envira-gallery-3290 envira-gallery-link\" rel=\"enviragallery3290\" title=\"Cartagena de Indias - Colombia\" data-envira-caption=\"Cartagena de Indias - Colombia\" data-envira-retina=\"\" data-thumbnail=\"\"  itemprop=\"contentUrl\"><img decoding=\"async\" id=\"envira-gallery-image-2899\" class=\"envira-gallery-image envira-gallery-image-9 envira-normal envira-lazy\" data-envira-index=\"9\" src=\"https:\/\/elprismadefer.com\/wp-content\/uploads\/2019\/02\/colombia13.jpg\" data-envira-src=\"https:\/\/elprismadefer.com\/wp-content\/uploads\/2019\/02\/colombia13.jpg\" data-envira-gallery-id=\"3290\" data-envira-item-id=\"2899\" data-envira-caption=\"Cartagena de Indias - Colombia\" alt=\"Cartagena de Indias - Colombia\" title=\"Cartagena de Indias - Colombia\"  itemprop=\"thumbnailUrl\" data-envira-srcset=\"https:\/\/elprismadefer.com\/wp-content\/uploads\/2019\/02\/colombia13.jpg 400w,https:\/\/elprismadefer.com\/wp-content\/uploads\/2019\/02\/colombia13.jpg 2x\" data-envira-width=\"300\" data-envira-height=\"400\" srcset=\"data:image\/gif;base64,R0lGODlhAQABAIAAAP\/\/\/\/\/\/\/yH5BAEKAAEALAAAAAABAAEAAAICTAEAOw==\" data-safe-src=\"data:image\/gif;base64,R0lGODlhAQABAIAAAP\/\/\/\/\/\/\/yH5BAEKAAEALAAAAAABAAEAAAICTAEAOw==\" \/><\/a><\/div><\/div><div id=\"envira-gallery-item-2898\" class=\"envira-gallery-item enviratope-item envira-gallery-item-10 envira-lazy-load\" style=\"padding-left: 5px; padding-bottom: 10px; padding-right: 5px;\"  itemscope itemtype=\"https:\/\/schema.org\/ImageObject\"><div class=\"envira-gallery-item-inner\"><div class=\"envira-gallery-position-overlay  envira-gallery-top-left\"><\/div><div class=\"envira-gallery-position-overlay  envira-gallery-top-right\"><\/div><div class=\"envira-gallery-position-overlay  envira-gallery-bottom-left\"><\/div><div class=\"envira-gallery-position-overlay  envira-gallery-bottom-right\"><\/div><a href=\"http:\/\/elprismadefer.com\/wp-content\/uploads\/2019\/02\/colombia12.jpg\" class=\"envira-gallery-3290 envira-gallery-link\" rel=\"enviragallery3290\" title=\"Cartagena de Indias - Colombia\" data-envira-caption=\"Cartagena de Indias - Colombia\" data-envira-retina=\"\" data-thumbnail=\"\"  itemprop=\"contentUrl\"><img decoding=\"async\" id=\"envira-gallery-image-2898\" class=\"envira-gallery-image envira-gallery-image-10 envira-normal envira-lazy\" data-envira-index=\"10\" src=\"https:\/\/elprismadefer.com\/wp-content\/uploads\/2019\/02\/colombia12.jpg\" data-envira-src=\"https:\/\/elprismadefer.com\/wp-content\/uploads\/2019\/02\/colombia12.jpg\" data-envira-gallery-id=\"3290\" data-envira-item-id=\"2898\" data-envira-caption=\"Cartagena de Indias - Colombia\" alt=\"Cartagena de Indias - Colombia\" title=\"Cartagena de Indias - Colombia\"  itemprop=\"thumbnailUrl\" data-envira-srcset=\"https:\/\/elprismadefer.com\/wp-content\/uploads\/2019\/02\/colombia12.jpg 400w,https:\/\/elprismadefer.com\/wp-content\/uploads\/2019\/02\/colombia12.jpg 2x\" data-envira-width=\"300\" data-envira-height=\"400\" srcset=\"data:image\/gif;base64,R0lGODlhAQABAIAAAP\/\/\/\/\/\/\/yH5BAEKAAEALAAAAAABAAEAAAICTAEAOw==\" data-safe-src=\"data:image\/gif;base64,R0lGODlhAQABAIAAAP\/\/\/\/\/\/\/yH5BAEKAAEALAAAAAABAAEAAAICTAEAOw==\" \/><\/a><\/div><\/div><div id=\"envira-gallery-item-2897\" class=\"envira-gallery-item enviratope-item envira-gallery-item-11 envira-lazy-load\" style=\"padding-left: 5px; padding-bottom: 10px; padding-right: 5px;\"  itemscope itemtype=\"https:\/\/schema.org\/ImageObject\"><div class=\"envira-gallery-item-inner\"><div class=\"envira-gallery-position-overlay  envira-gallery-top-left\"><\/div><div class=\"envira-gallery-position-overlay  envira-gallery-top-right\"><\/div><div class=\"envira-gallery-position-overlay  envira-gallery-bottom-left\"><\/div><div class=\"envira-gallery-position-overlay  envira-gallery-bottom-right\"><\/div><a href=\"http:\/\/elprismadefer.com\/wp-content\/uploads\/2019\/02\/colombia11.jpg\" class=\"envira-gallery-3290 envira-gallery-link\" rel=\"enviragallery3290\" title=\"Bocagrande - Colombia\" data-envira-caption=\"Bocagrande - Colombia\" data-envira-retina=\"\" data-thumbnail=\"\"  itemprop=\"contentUrl\"><img decoding=\"async\" id=\"envira-gallery-image-2897\" class=\"envira-gallery-image envira-gallery-image-11 envira-normal envira-lazy\" data-envira-index=\"11\" src=\"https:\/\/elprismadefer.com\/wp-content\/uploads\/2019\/02\/colombia11.jpg\" data-envira-src=\"https:\/\/elprismadefer.com\/wp-content\/uploads\/2019\/02\/colombia11.jpg\" data-envira-gallery-id=\"3290\" data-envira-item-id=\"2897\" data-envira-caption=\"Bocagrande - Colombia\" alt=\"Bocagrande - Colombia\" title=\"Bocagrande - Colombia\"  itemprop=\"thumbnailUrl\" data-envira-srcset=\"https:\/\/elprismadefer.com\/wp-content\/uploads\/2019\/02\/colombia11.jpg 400w,https:\/\/elprismadefer.com\/wp-content\/uploads\/2019\/02\/colombia11.jpg 2x\" data-envira-width=\"600\" data-envira-height=\"338\" srcset=\"data:image\/gif;base64,R0lGODlhAQABAIAAAP\/\/\/\/\/\/\/yH5BAEKAAEALAAAAAABAAEAAAICTAEAOw==\" data-safe-src=\"data:image\/gif;base64,R0lGODlhAQABAIAAAP\/\/\/\/\/\/\/yH5BAEKAAEALAAAAAABAAEAAAICTAEAOw==\" \/><\/a><\/div><\/div><div id=\"envira-gallery-item-2896\" class=\"envira-gallery-item enviratope-item envira-gallery-item-12 envira-lazy-load\" style=\"padding-left: 5px; padding-bottom: 10px; padding-right: 5px;\"  itemscope itemtype=\"https:\/\/schema.org\/ImageObject\"><div class=\"envira-gallery-item-inner\"><div class=\"envira-gallery-position-overlay  envira-gallery-top-left\"><\/div><div class=\"envira-gallery-position-overlay  envira-gallery-top-right\"><\/div><div class=\"envira-gallery-position-overlay  envira-gallery-bottom-left\"><\/div><div class=\"envira-gallery-position-overlay  envira-gallery-bottom-right\"><\/div><a href=\"http:\/\/elprismadefer.com\/wp-content\/uploads\/2019\/02\/colombia10.jpg\" class=\"envira-gallery-3290 envira-gallery-link\" rel=\"enviragallery3290\" title=\"Cartagena de Indias - Colombia\" data-envira-caption=\"Cartagena de Indias - Colombia\" data-envira-retina=\"\" data-thumbnail=\"\"  itemprop=\"contentUrl\"><img decoding=\"async\" id=\"envira-gallery-image-2896\" class=\"envira-gallery-image envira-gallery-image-12 envira-normal envira-lazy\" data-envira-index=\"12\" src=\"https:\/\/elprismadefer.com\/wp-content\/uploads\/2019\/02\/colombia10.jpg\" data-envira-src=\"https:\/\/elprismadefer.com\/wp-content\/uploads\/2019\/02\/colombia10.jpg\" data-envira-gallery-id=\"3290\" data-envira-item-id=\"2896\" data-envira-caption=\"Cartagena de Indias - Colombia\" alt=\"Cartagena de Indias - Colombia\" title=\"Cartagena de Indias - Colombia\"  itemprop=\"thumbnailUrl\" data-envira-srcset=\"https:\/\/elprismadefer.com\/wp-content\/uploads\/2019\/02\/colombia10.jpg 400w,https:\/\/elprismadefer.com\/wp-content\/uploads\/2019\/02\/colombia10.jpg 2x\" data-envira-width=\"533\" data-envira-height=\"400\" srcset=\"data:image\/gif;base64,R0lGODlhAQABAIAAAP\/\/\/\/\/\/\/yH5BAEKAAEALAAAAAABAAEAAAICTAEAOw==\" data-safe-src=\"data:image\/gif;base64,R0lGODlhAQABAIAAAP\/\/\/\/\/\/\/yH5BAEKAAEALAAAAAABAAEAAAICTAEAOw==\" \/><\/a><\/div><\/div><div id=\"envira-gallery-item-2895\" class=\"envira-gallery-item enviratope-item envira-gallery-item-13 envira-lazy-load\" style=\"padding-left: 5px; padding-bottom: 10px; padding-right: 5px;\"  itemscope itemtype=\"https:\/\/schema.org\/ImageObject\"><div class=\"envira-gallery-item-inner\"><div class=\"envira-gallery-position-overlay  envira-gallery-top-left\"><\/div><div class=\"envira-gallery-position-overlay  envira-gallery-top-right\"><\/div><div class=\"envira-gallery-position-overlay  envira-gallery-bottom-left\"><\/div><div class=\"envira-gallery-position-overlay  envira-gallery-bottom-right\"><\/div><a href=\"http:\/\/elprismadefer.com\/wp-content\/uploads\/2019\/02\/colombia09.jpg\" class=\"envira-gallery-3290 envira-gallery-link\" rel=\"enviragallery3290\" title=\"Cartagena de Indias - Colombia\" data-envira-caption=\"Cartagena de Indias - Colombia\" data-envira-retina=\"\" data-thumbnail=\"\"  itemprop=\"contentUrl\"><img decoding=\"async\" id=\"envira-gallery-image-2895\" class=\"envira-gallery-image envira-gallery-image-13 envira-normal envira-lazy\" data-envira-index=\"13\" src=\"https:\/\/elprismadefer.com\/wp-content\/uploads\/2019\/02\/colombia09-scaled.jpg\" data-envira-src=\"https:\/\/elprismadefer.com\/wp-content\/uploads\/2019\/02\/colombia09-scaled.jpg\" data-envira-gallery-id=\"3290\" data-envira-item-id=\"2895\" data-envira-caption=\"Cartagena de Indias - Colombia\" alt=\"Cartagena de Indias - Colombia\" title=\"Cartagena de Indias - Colombia\"  itemprop=\"thumbnailUrl\" data-envira-srcset=\"https:\/\/elprismadefer.com\/wp-content\/uploads\/2019\/02\/colombia09-scaled.jpg 400w,https:\/\/elprismadefer.com\/wp-content\/uploads\/2019\/02\/colombia09-scaled.jpg 2x\" data-envira-width=\"533\" data-envira-height=\"400\" srcset=\"data:image\/gif;base64,R0lGODlhAQABAIAAAP\/\/\/\/\/\/\/yH5BAEKAAEALAAAAAABAAEAAAICTAEAOw==\" data-safe-src=\"data:image\/gif;base64,R0lGODlhAQABAIAAAP\/\/\/\/\/\/\/yH5BAEKAAEALAAAAAABAAEAAAICTAEAOw==\" \/><\/a><\/div><\/div><div id=\"envira-gallery-item-2894\" class=\"envira-gallery-item enviratope-item envira-gallery-item-14 envira-lazy-load\" style=\"padding-left: 5px; padding-bottom: 10px; padding-right: 5px;\"  itemscope itemtype=\"https:\/\/schema.org\/ImageObject\"><div class=\"envira-gallery-item-inner\"><div class=\"envira-gallery-position-overlay  envira-gallery-top-left\"><\/div><div class=\"envira-gallery-position-overlay  envira-gallery-top-right\"><\/div><div class=\"envira-gallery-position-overlay  envira-gallery-bottom-left\"><\/div><div class=\"envira-gallery-position-overlay  envira-gallery-bottom-right\"><\/div><a href=\"http:\/\/elprismadefer.com\/wp-content\/uploads\/2019\/02\/colombia08.jpg\" class=\"envira-gallery-3290 envira-gallery-link\" rel=\"enviragallery3290\" title=\"Parque Nacional Tayrona\" data-envira-caption=\"Parque Nacional Tayrona\" data-envira-retina=\"\" data-thumbnail=\"\"  itemprop=\"contentUrl\"><img decoding=\"async\" id=\"envira-gallery-image-2894\" class=\"envira-gallery-image envira-gallery-image-14 envira-normal envira-lazy\" data-envira-index=\"14\" src=\"https:\/\/elprismadefer.com\/wp-content\/uploads\/2019\/02\/colombia08.jpg\" data-envira-src=\"https:\/\/elprismadefer.com\/wp-content\/uploads\/2019\/02\/colombia08.jpg\" data-envira-gallery-id=\"3290\" data-envira-item-id=\"2894\" data-envira-caption=\"Parque Nacional Tayrona\" alt=\"Parque Nacional Tayrona\" title=\"Parque Nacional Tayrona\"  itemprop=\"thumbnailUrl\" data-envira-srcset=\"https:\/\/elprismadefer.com\/wp-content\/uploads\/2019\/02\/colombia08.jpg 400w,https:\/\/elprismadefer.com\/wp-content\/uploads\/2019\/02\/colombia08.jpg 2x\" data-envira-width=\"533\" data-envira-height=\"400\" srcset=\"data:image\/gif;base64,R0lGODlhAQABAIAAAP\/\/\/\/\/\/\/yH5BAEKAAEALAAAAAABAAEAAAICTAEAOw==\" data-safe-src=\"data:image\/gif;base64,R0lGODlhAQABAIAAAP\/\/\/\/\/\/\/yH5BAEKAAEALAAAAAABAAEAAAICTAEAOw==\" \/><\/a><\/div><\/div><div id=\"envira-gallery-item-2893\" class=\"envira-gallery-item enviratope-item envira-gallery-item-15 envira-lazy-load\" style=\"padding-left: 5px; padding-bottom: 10px; padding-right: 5px;\"  itemscope itemtype=\"https:\/\/schema.org\/ImageObject\"><div class=\"envira-gallery-item-inner\"><div class=\"envira-gallery-position-overlay  envira-gallery-top-left\"><\/div><div class=\"envira-gallery-position-overlay  envira-gallery-top-right\"><\/div><div class=\"envira-gallery-position-overlay  envira-gallery-bottom-left\"><\/div><div class=\"envira-gallery-position-overlay  envira-gallery-bottom-right\"><\/div><a href=\"http:\/\/elprismadefer.com\/wp-content\/uploads\/2019\/02\/colombia06.jpg\" class=\"envira-gallery-3290 envira-gallery-link\" rel=\"enviragallery3290\" title=\"Taganga - Colombia\" data-envira-caption=\"Taganga - Colombia\" data-envira-retina=\"\" data-thumbnail=\"\"  itemprop=\"contentUrl\"><img decoding=\"async\" id=\"envira-gallery-image-2893\" class=\"envira-gallery-image envira-gallery-image-15 envira-normal envira-lazy\" data-envira-index=\"15\" src=\"https:\/\/elprismadefer.com\/wp-content\/uploads\/2019\/02\/colombia06.jpg\" data-envira-src=\"https:\/\/elprismadefer.com\/wp-content\/uploads\/2019\/02\/colombia06.jpg\" data-envira-gallery-id=\"3290\" data-envira-item-id=\"2893\" data-envira-caption=\"Taganga - Colombia\" alt=\"Taganga - Colombia\" title=\"Taganga - Colombia\"  itemprop=\"thumbnailUrl\" data-envira-srcset=\"https:\/\/elprismadefer.com\/wp-content\/uploads\/2019\/02\/colombia06.jpg 400w,https:\/\/elprismadefer.com\/wp-content\/uploads\/2019\/02\/colombia06.jpg 2x\" data-envira-width=\"533\" data-envira-height=\"400\" srcset=\"data:image\/gif;base64,R0lGODlhAQABAIAAAP\/\/\/\/\/\/\/yH5BAEKAAEALAAAAAABAAEAAAICTAEAOw==\" data-safe-src=\"data:image\/gif;base64,R0lGODlhAQABAIAAAP\/\/\/\/\/\/\/yH5BAEKAAEALAAAAAABAAEAAAICTAEAOw==\" \/><\/a><\/div><\/div><div id=\"envira-gallery-item-2892\" class=\"envira-gallery-item enviratope-item envira-gallery-item-16 envira-lazy-load\" style=\"padding-left: 5px; padding-bottom: 10px; padding-right: 5px;\"  itemscope itemtype=\"https:\/\/schema.org\/ImageObject\"><div class=\"envira-gallery-item-inner\"><div class=\"envira-gallery-position-overlay  envira-gallery-top-left\"><\/div><div class=\"envira-gallery-position-overlay  envira-gallery-top-right\"><\/div><div class=\"envira-gallery-position-overlay  envira-gallery-bottom-left\"><\/div><div class=\"envira-gallery-position-overlay  envira-gallery-bottom-right\"><\/div><a href=\"http:\/\/elprismadefer.com\/wp-content\/uploads\/2019\/02\/colombia05.jpg\" class=\"envira-gallery-3290 envira-gallery-link\" rel=\"enviragallery3290\" title=\"Taganga - Colombia\" data-envira-caption=\"Taganga - Colombia\" data-envira-retina=\"\" data-thumbnail=\"\"  itemprop=\"contentUrl\"><img decoding=\"async\" id=\"envira-gallery-image-2892\" class=\"envira-gallery-image envira-gallery-image-16 envira-normal envira-lazy\" data-envira-index=\"16\" src=\"https:\/\/elprismadefer.com\/wp-content\/uploads\/2019\/02\/colombia05.jpg\" data-envira-src=\"https:\/\/elprismadefer.com\/wp-content\/uploads\/2019\/02\/colombia05.jpg\" data-envira-gallery-id=\"3290\" data-envira-item-id=\"2892\" data-envira-caption=\"Taganga - Colombia\" alt=\"Taganga - Colombia\" title=\"Taganga - Colombia\"  itemprop=\"thumbnailUrl\" data-envira-srcset=\"https:\/\/elprismadefer.com\/wp-content\/uploads\/2019\/02\/colombia05.jpg 400w,https:\/\/elprismadefer.com\/wp-content\/uploads\/2019\/02\/colombia05.jpg 2x\" data-envira-width=\"300\" data-envira-height=\"400\" srcset=\"data:image\/gif;base64,R0lGODlhAQABAIAAAP\/\/\/\/\/\/\/yH5BAEKAAEALAAAAAABAAEAAAICTAEAOw==\" data-safe-src=\"data:image\/gif;base64,R0lGODlhAQABAIAAAP\/\/\/\/\/\/\/yH5BAEKAAEALAAAAAABAAEAAAICTAEAOw==\" \/><\/a><\/div><\/div><div id=\"envira-gallery-item-2891\" class=\"envira-gallery-item enviratope-item envira-gallery-item-17 envira-lazy-load\" style=\"padding-left: 5px; padding-bottom: 10px; padding-right: 5px;\"  itemscope itemtype=\"https:\/\/schema.org\/ImageObject\"><div class=\"envira-gallery-item-inner\"><div class=\"envira-gallery-position-overlay  envira-gallery-top-left\"><\/div><div class=\"envira-gallery-position-overlay  envira-gallery-top-right\"><\/div><div class=\"envira-gallery-position-overlay  envira-gallery-bottom-left\"><\/div><div class=\"envira-gallery-position-overlay  envira-gallery-bottom-right\"><\/div><a href=\"http:\/\/elprismadefer.com\/wp-content\/uploads\/2019\/02\/colombia04.jpg\" class=\"envira-gallery-3290 envira-gallery-link\" rel=\"enviragallery3290\" title=\"Bogot&aacute; - Colombia\" data-envira-caption=\"Bogot&aacute; - Colombia\" data-envira-retina=\"\" data-thumbnail=\"\"  itemprop=\"contentUrl\"><img decoding=\"async\" id=\"envira-gallery-image-2891\" class=\"envira-gallery-image envira-gallery-image-17 envira-normal envira-lazy\" data-envira-index=\"17\" src=\"https:\/\/elprismadefer.com\/wp-content\/uploads\/2019\/02\/colombia04.jpg\" data-envira-src=\"https:\/\/elprismadefer.com\/wp-content\/uploads\/2019\/02\/colombia04.jpg\" data-envira-gallery-id=\"3290\" data-envira-item-id=\"2891\" data-envira-caption=\"Bogot&aacute; - Colombia\" alt=\"Bogot\u00e1 - Colombia\" title=\"Bogot\u00e1 - Colombia\"  itemprop=\"thumbnailUrl\" data-envira-srcset=\"https:\/\/elprismadefer.com\/wp-content\/uploads\/2019\/02\/colombia04.jpg 400w,https:\/\/elprismadefer.com\/wp-content\/uploads\/2019\/02\/colombia04.jpg 2x\" data-envira-width=\"600\" data-envira-height=\"338\" srcset=\"data:image\/gif;base64,R0lGODlhAQABAIAAAP\/\/\/\/\/\/\/yH5BAEKAAEALAAAAAABAAEAAAICTAEAOw==\" data-safe-src=\"data:image\/gif;base64,R0lGODlhAQABAIAAAP\/\/\/\/\/\/\/yH5BAEKAAEALAAAAAABAAEAAAICTAEAOw==\" \/><\/a><\/div><\/div><div id=\"envira-gallery-item-2890\" class=\"envira-gallery-item enviratope-item envira-gallery-item-18 envira-lazy-load\" style=\"padding-left: 5px; padding-bottom: 10px; padding-right: 5px;\"  itemscope itemtype=\"https:\/\/schema.org\/ImageObject\"><div class=\"envira-gallery-item-inner\"><div class=\"envira-gallery-position-overlay  envira-gallery-top-left\"><\/div><div class=\"envira-gallery-position-overlay  envira-gallery-top-right\"><\/div><div class=\"envira-gallery-position-overlay  envira-gallery-bottom-left\"><\/div><div class=\"envira-gallery-position-overlay  envira-gallery-bottom-right\"><\/div><a href=\"http:\/\/elprismadefer.com\/wp-content\/uploads\/2019\/02\/colombia03.jpg\" class=\"envira-gallery-3290 envira-gallery-link\" rel=\"enviragallery3290\" title=\"Bogot&aacute; - Colombia\" data-envira-caption=\"Bogot&aacute; - Colombia\" data-envira-retina=\"\" data-thumbnail=\"\"  itemprop=\"contentUrl\"><img decoding=\"async\" id=\"envira-gallery-image-2890\" class=\"envira-gallery-image envira-gallery-image-18 envira-normal envira-lazy\" data-envira-index=\"18\" src=\"https:\/\/elprismadefer.com\/wp-content\/uploads\/2019\/02\/colombia03.jpg\" data-envira-src=\"https:\/\/elprismadefer.com\/wp-content\/uploads\/2019\/02\/colombia03.jpg\" data-envira-gallery-id=\"3290\" data-envira-item-id=\"2890\" data-envira-caption=\"Bogot&aacute; - Colombia\" alt=\"Bogot\u00e1 - Colombia\" title=\"Bogot\u00e1 - Colombia\"  itemprop=\"thumbnailUrl\" data-envira-srcset=\"https:\/\/elprismadefer.com\/wp-content\/uploads\/2019\/02\/colombia03.jpg 400w,https:\/\/elprismadefer.com\/wp-content\/uploads\/2019\/02\/colombia03.jpg 2x\" data-envira-width=\"600\" data-envira-height=\"338\" srcset=\"data:image\/gif;base64,R0lGODlhAQABAIAAAP\/\/\/\/\/\/\/yH5BAEKAAEALAAAAAABAAEAAAICTAEAOw==\" data-safe-src=\"data:image\/gif;base64,R0lGODlhAQABAIAAAP\/\/\/\/\/\/\/yH5BAEKAAEALAAAAAABAAEAAAICTAEAOw==\" \/><\/a><\/div><\/div><div id=\"envira-gallery-item-2889\" class=\"envira-gallery-item enviratope-item envira-gallery-item-19 envira-lazy-load\" style=\"padding-left: 5px; padding-bottom: 10px; padding-right: 5px;\"  itemscope itemtype=\"https:\/\/schema.org\/ImageObject\"><div class=\"envira-gallery-item-inner\"><div class=\"envira-gallery-position-overlay  envira-gallery-top-left\"><\/div><div class=\"envira-gallery-position-overlay  envira-gallery-top-right\"><\/div><div class=\"envira-gallery-position-overlay  envira-gallery-bottom-left\"><\/div><div class=\"envira-gallery-position-overlay  envira-gallery-bottom-right\"><\/div><a href=\"http:\/\/elprismadefer.com\/wp-content\/uploads\/2019\/02\/colombia02.jpg\" class=\"envira-gallery-3290 envira-gallery-link\" rel=\"enviragallery3290\" title=\"Santa Marta - Colombia\" data-envira-caption=\"Santa Marta - Colombia\" data-envira-retina=\"\" data-thumbnail=\"\"  itemprop=\"contentUrl\"><img decoding=\"async\" id=\"envira-gallery-image-2889\" class=\"envira-gallery-image envira-gallery-image-19 envira-normal envira-lazy\" data-envira-index=\"19\" src=\"https:\/\/elprismadefer.com\/wp-content\/uploads\/2019\/02\/colombia02.jpg\" data-envira-src=\"https:\/\/elprismadefer.com\/wp-content\/uploads\/2019\/02\/colombia02.jpg\" data-envira-gallery-id=\"3290\" data-envira-item-id=\"2889\" data-envira-caption=\"Santa Marta - Colombia\" alt=\"Santa Marta - Colombia\" title=\"Santa Marta - Colombia\"  itemprop=\"thumbnailUrl\" data-envira-srcset=\"https:\/\/elprismadefer.com\/wp-content\/uploads\/2019\/02\/colombia02.jpg 400w,https:\/\/elprismadefer.com\/wp-content\/uploads\/2019\/02\/colombia02.jpg 2x\" data-envira-width=\"533\" data-envira-height=\"400\" srcset=\"data:image\/gif;base64,R0lGODlhAQABAIAAAP\/\/\/\/\/\/\/yH5BAEKAAEALAAAAAABAAEAAAICTAEAOw==\" data-safe-src=\"data:image\/gif;base64,R0lGODlhAQABAIAAAP\/\/\/\/\/\/\/yH5BAEKAAEALAAAAAABAAEAAAICTAEAOw==\" \/><\/a><\/div><\/div><div id=\"envira-gallery-item-2888\" class=\"envira-gallery-item enviratope-item envira-gallery-item-20 envira-lazy-load\" style=\"padding-left: 5px; padding-bottom: 10px; padding-right: 5px;\"  itemscope itemtype=\"https:\/\/schema.org\/ImageObject\"><div class=\"envira-gallery-item-inner\"><div class=\"envira-gallery-position-overlay  envira-gallery-top-left\"><\/div><div class=\"envira-gallery-position-overlay  envira-gallery-top-right\"><\/div><div class=\"envira-gallery-position-overlay  envira-gallery-bottom-left\"><\/div><div class=\"envira-gallery-position-overlay  envira-gallery-bottom-right\"><\/div><a href=\"http:\/\/elprismadefer.com\/wp-content\/uploads\/2019\/02\/colombia01.jpg\" class=\"envira-gallery-3290 envira-gallery-link\" rel=\"enviragallery3290\" title=\"Santa Marta - Colombia\" data-envira-caption=\"Santa Marta - Colombia\" data-envira-retina=\"\" data-thumbnail=\"\"  itemprop=\"contentUrl\"><img decoding=\"async\" id=\"envira-gallery-image-2888\" class=\"envira-gallery-image envira-gallery-image-20 envira-normal envira-lazy\" data-envira-index=\"20\" src=\"https:\/\/elprismadefer.com\/wp-content\/uploads\/2019\/02\/colombia01.jpg\" data-envira-src=\"https:\/\/elprismadefer.com\/wp-content\/uploads\/2019\/02\/colombia01.jpg\" data-envira-gallery-id=\"3290\" data-envira-item-id=\"2888\" data-envira-caption=\"Santa Marta - Colombia\" alt=\"Santa Marta - Colombia\" title=\"Santa Marta - Colombia\"  itemprop=\"thumbnailUrl\" data-envira-srcset=\"https:\/\/elprismadefer.com\/wp-content\/uploads\/2019\/02\/colombia01.jpg 400w,https:\/\/elprismadefer.com\/wp-content\/uploads\/2019\/02\/colombia01.jpg 2x\" data-envira-width=\"533\" data-envira-height=\"400\" srcset=\"data:image\/gif;base64,R0lGODlhAQABAIAAAP\/\/\/\/\/\/\/yH5BAEKAAEALAAAAAABAAEAAAICTAEAOw==\" data-safe-src=\"data:image\/gif;base64,R0lGODlhAQABAIAAAP\/\/\/\/\/\/\/yH5BAEKAAEALAAAAAABAAEAAAICTAEAOw==\" \/><\/a><\/div><\/div><div id=\"envira-gallery-item-2887\" class=\"envira-gallery-item enviratope-item envira-gallery-item-21 envira-lazy-load\" style=\"padding-left: 5px; padding-bottom: 10px; padding-right: 5px;\"  itemscope itemtype=\"https:\/\/schema.org\/ImageObject\"><div class=\"envira-gallery-item-inner\"><div class=\"envira-gallery-position-overlay  envira-gallery-top-left\"><\/div><div class=\"envira-gallery-position-overlay  envira-gallery-top-right\"><\/div><div class=\"envira-gallery-position-overlay  envira-gallery-bottom-left\"><\/div><div class=\"envira-gallery-position-overlay  envira-gallery-bottom-right\"><\/div><a href=\"http:\/\/elprismadefer.com\/wp-content\/uploads\/2019\/02\/colombia00.jpg\" class=\"envira-gallery-3290 envira-gallery-link\" rel=\"enviragallery3290\" title=\"Parque Nacional Tayrona\" data-envira-caption=\"Parque Nacional Tayrona\" data-envira-retina=\"\" data-thumbnail=\"\"  itemprop=\"contentUrl\"><img decoding=\"async\" id=\"envira-gallery-image-2887\" class=\"envira-gallery-image envira-gallery-image-21 envira-normal envira-lazy\" data-envira-index=\"21\" src=\"https:\/\/elprismadefer.com\/wp-content\/uploads\/2019\/02\/colombia00.jpg\" data-envira-src=\"https:\/\/elprismadefer.com\/wp-content\/uploads\/2019\/02\/colombia00.jpg\" data-envira-gallery-id=\"3290\" data-envira-item-id=\"2887\" data-envira-caption=\"Parque Nacional Tayrona\" alt=\"Parque Nacional Tayrona\" title=\"Parque Nacional Tayrona\"  itemprop=\"thumbnailUrl\" data-envira-srcset=\"https:\/\/elprismadefer.com\/wp-content\/uploads\/2019\/02\/colombia00.jpg 400w,https:\/\/elprismadefer.com\/wp-content\/uploads\/2019\/02\/colombia00.jpg 2x\" data-envira-width=\"600\" data-envira-height=\"400\" srcset=\"data:image\/gif;base64,R0lGODlhAQABAIAAAP\/\/\/\/\/\/\/yH5BAEKAAEALAAAAAABAAEAAAICTAEAOw==\" data-safe-src=\"data:image\/gif;base64,R0lGODlhAQABAIAAAP\/\/\/\/\/\/\/yH5BAEKAAEALAAAAAABAAEAAAICTAEAOw==\" \/><\/a><\/div><\/div><div id=\"envira-gallery-item-2698\" class=\"envira-gallery-item enviratope-item envira-gallery-item-22 envira-lazy-load\" style=\"padding-left: 5px; padding-bottom: 10px; padding-right: 5px;\"  itemscope itemtype=\"https:\/\/schema.org\/ImageObject\"><div class=\"envira-gallery-item-inner\"><div class=\"envira-gallery-position-overlay  envira-gallery-top-left\"><\/div><div class=\"envira-gallery-position-overlay  envira-gallery-top-right\"><\/div><div class=\"envira-gallery-position-overlay  envira-gallery-bottom-left\"><\/div><div class=\"envira-gallery-position-overlay  envira-gallery-bottom-right\"><\/div><a href=\"http:\/\/elprismadefer.com\/wp-content\/uploads\/2019\/02\/20180405_182209-hdr.jpg\" class=\"envira-gallery-3290 envira-gallery-link\" rel=\"enviragallery3290\" title=\"colombia\" data-envira-caption=\"colombia\" data-envira-retina=\"\" data-thumbnail=\"\"  itemprop=\"contentUrl\"><img decoding=\"async\" id=\"envira-gallery-image-2698\" class=\"envira-gallery-image envira-gallery-image-22 envira-normal envira-lazy\" data-envira-index=\"22\" src=\"https:\/\/elprismadefer.com\/wp-content\/uploads\/2019\/02\/20180405_182209-hdr-600x800.jpg\" data-envira-src=\"https:\/\/elprismadefer.com\/wp-content\/uploads\/2019\/02\/20180405_182209-hdr-600x800.jpg\" data-envira-gallery-id=\"3290\" data-envira-item-id=\"2698\" data-envira-caption=\"colombia\" alt=\"colombia\" title=\"colombia\"  itemprop=\"thumbnailUrl\" data-envira-srcset=\"https:\/\/elprismadefer.com\/wp-content\/uploads\/2019\/02\/20180405_182209-hdr-600x800.jpg 400w,https:\/\/elprismadefer.com\/wp-content\/uploads\/2019\/02\/20180405_182209-hdr-600x800.jpg 2x\" data-envira-width=\"300\" data-envira-height=\"400\" srcset=\"data:image\/gif;base64,R0lGODlhAQABAIAAAP\/\/\/\/\/\/\/yH5BAEKAAEALAAAAAABAAEAAAICTAEAOw==\" data-safe-src=\"data:image\/gif;base64,R0lGODlhAQABAIAAAP\/\/\/\/\/\/\/yH5BAEKAAEALAAAAAABAAEAAAICTAEAOw==\" \/><\/a><\/div><\/div><\/div><\/div><noscript><img decoding=\"async\" src=\"https:\/\/elprismadefer.com\/wp-content\/uploads\/2019\/02\/colombia22.jpg\" alt=\"Parque Nacional Tayrona\" \/><img decoding=\"async\" src=\"https:\/\/elprismadefer.com\/wp-content\/uploads\/2019\/02\/colombia21.jpg\" alt=\"Isla Bar\u00fa - Colombia\" \/><img decoding=\"async\" src=\"https:\/\/elprismadefer.com\/wp-content\/uploads\/2019\/02\/colombia20.jpg\" alt=\"Isla Bar\u00fa - Colombia\" \/><img decoding=\"async\" src=\"https:\/\/elprismadefer.com\/wp-content\/uploads\/2019\/02\/colombia18.jpg\" alt=\"Isla Bar\u00fa - Colombia\" \/><img decoding=\"async\" src=\"https:\/\/elprismadefer.com\/wp-content\/uploads\/2019\/02\/colombia17.jpg\" alt=\"Cartagena de Indias - Colombia\" \/><img decoding=\"async\" src=\"https:\/\/elprismadefer.com\/wp-content\/uploads\/2019\/02\/colombia16.jpg\" alt=\"Cartagena de Indias - Colombia\" \/><img decoding=\"async\" src=\"https:\/\/elprismadefer.com\/wp-content\/uploads\/2019\/02\/colombia15.jpg\" alt=\"Cartagena de Indias - Colombia\" \/><img decoding=\"async\" src=\"https:\/\/elprismadefer.com\/wp-content\/uploads\/2019\/02\/colombia14.jpg\" alt=\"Cartagena de Indias - Colombia\" \/><img decoding=\"async\" src=\"https:\/\/elprismadefer.com\/wp-content\/uploads\/2019\/02\/colombia13.jpg\" alt=\"Cartagena de Indias - Colombia\" \/><img decoding=\"async\" src=\"https:\/\/elprismadefer.com\/wp-content\/uploads\/2019\/02\/colombia12.jpg\" alt=\"Cartagena de Indias - Colombia\" \/><img decoding=\"async\" src=\"https:\/\/elprismadefer.com\/wp-content\/uploads\/2019\/02\/colombia11.jpg\" alt=\"Bocagrande - Colombia\" \/><img decoding=\"async\" src=\"https:\/\/elprismadefer.com\/wp-content\/uploads\/2019\/02\/colombia10.jpg\" alt=\"Cartagena de Indias - Colombia\" \/><img decoding=\"async\" src=\"https:\/\/elprismadefer.com\/wp-content\/uploads\/2019\/02\/colombia09-scaled.jpg\" alt=\"Cartagena de Indias - Colombia\" \/><img decoding=\"async\" src=\"https:\/\/elprismadefer.com\/wp-content\/uploads\/2019\/02\/colombia08.jpg\" alt=\"Parque Nacional Tayrona\" \/><img decoding=\"async\" src=\"https:\/\/elprismadefer.com\/wp-content\/uploads\/2019\/02\/colombia06.jpg\" alt=\"Taganga - Colombia\" \/><img decoding=\"async\" src=\"https:\/\/elprismadefer.com\/wp-content\/uploads\/2019\/02\/colombia05.jpg\" alt=\"Taganga - Colombia\" \/><img decoding=\"async\" src=\"https:\/\/elprismadefer.com\/wp-content\/uploads\/2019\/02\/colombia04.jpg\" alt=\"Bogot\u00e1 - Colombia\" \/><img decoding=\"async\" src=\"https:\/\/elprismadefer.com\/wp-content\/uploads\/2019\/02\/colombia03.jpg\" alt=\"Bogot\u00e1 - Colombia\" \/><img decoding=\"async\" src=\"https:\/\/elprismadefer.com\/wp-content\/uploads\/2019\/02\/colombia02.jpg\" alt=\"Santa Marta - Colombia\" \/><img decoding=\"async\" src=\"https:\/\/elprismadefer.com\/wp-content\/uploads\/2019\/02\/colombia01.jpg\" alt=\"Santa Marta - Colombia\" \/><img decoding=\"async\" src=\"https:\/\/elprismadefer.com\/wp-content\/uploads\/2019\/02\/colombia00.jpg\" alt=\"Parque Nacional Tayrona\" \/><img decoding=\"async\" src=\"https:\/\/elprismadefer.com\/wp-content\/uploads\/2019\/02\/20180405_182209-hdr-scaled.jpg\" alt=\"colombia\" \/><\/noscript>\n\n\n\n<p>This work is under a <a href=\"http:\/\/creativecommons.org\/licenses\/by-nc-sa\/4.0\/\">Creative Commons Attribution-NonCommercial-ShareAlike 4.0 International License<\/a>. <\/p>","protected":false},"excerpt":{"rendered":"<p>Galer\u00eda de Colombia Fotograf\u00edas obtenidas durante mi viaje por Colombia. Si queres ayudarme a mantener el blog, pod\u00e9s comprar alguna de las fotograf\u00edas que tengo publicadas en el archivo de&#8230;<\/p>","protected":false},"author":1,"featured_media":2698,"comment_status":"open","ping_status":"open","sticky":false,"template":"","format":"standard","meta":{"_mo_disable_npp":"","footnotes":""},"categories":[137],"tags":[145,284],"class_list":["post-2719","post","type-post","status-publish","format-standard","has-post-thumbnail","hentry","category-fotografia","tag-caribe","tag-sudamerica"],"yoast_head":"<!-- This site is optimized with the Yoast SEO plugin v27.5 - https:\/\/yoast.com\/product\/yoast-seo-wordpress\/ -->\n<title>Galer\u00eda de fotos: Colombia - El Prisma de Fer<\/title>\n<meta name=\"robots\" content=\"index, follow, max-snippet:-1, max-image-preview:large, max-video-preview:-1\" \/>\n<link rel=\"canonical\" href=\"https:\/\/elprismadefer.com\/en\/galeria-de-fotos-colombia\/\" \/>\n<meta property=\"og:locale\" content=\"en_US\" \/>\n<meta property=\"og:type\" content=\"article\" \/>\n<meta property=\"og:title\" content=\"Galer\u00eda de fotos: Colombia - El Prisma de Fer\" \/>\n<meta property=\"og:description\" content=\"Galer\u00eda de Colombia Fotograf\u00edas obtenidas durante mi viaje por Colombia. Si queres ayudarme a mantener el blog, pod\u00e9s comprar alguna de las fotograf\u00edas que tengo publicadas en el archivo de...\" \/>\n<meta property=\"og:url\" content=\"https:\/\/elprismadefer.com\/en\/galeria-de-fotos-colombia\/\" \/>\n<meta property=\"og:site_name\" content=\"El Prisma de Fer\" \/>\n<meta property=\"article:published_time\" content=\"2019-02-07T06:03:52+00:00\" \/>\n<meta property=\"article:modified_time\" content=\"2025-10-27T14:47:23+00:00\" \/>\n<meta property=\"og:image\" content=\"https:\/\/elprismadefer.com\/wp-content\/uploads\/2019\/02\/20180405_182209-hdr-scaled.jpg\" \/>\n\t<meta property=\"og:image:width\" content=\"1920\" \/>\n\t<meta property=\"og:image:height\" content=\"2560\" \/>\n\t<meta property=\"og:image:type\" content=\"image\/jpeg\" \/>\n<meta name=\"author\" content=\"Fernando\" \/>\n<meta name=\"twitter:card\" content=\"summary_large_image\" \/>\n<meta name=\"twitter:creator\" content=\"@prismaDeFer\" \/>\n<meta name=\"twitter:site\" content=\"@prismaDeFer\" \/>\n<meta name=\"twitter:label1\" content=\"Written by\" \/>\n\t<meta name=\"twitter:data1\" content=\"Fernando\" \/>\n\t<meta name=\"twitter:label2\" content=\"Est. reading time\" \/>\n\t<meta name=\"twitter:data2\" content=\"1 minute\" \/>\n<script type=\"application\/ld+json\" class=\"yoast-schema-graph\">{\"@context\":\"https:\\\/\\\/schema.org\",\"@graph\":[{\"@type\":\"Article\",\"@id\":\"https:\\\/\\\/elprismadefer.com\\\/galeria-de-fotos-colombia\\\/#article\",\"isPartOf\":{\"@id\":\"https:\\\/\\\/elprismadefer.com\\\/galeria-de-fotos-colombia\\\/\"},\"author\":{\"name\":\"Fernando\",\"@id\":\"https:\\\/\\\/elprismadefer.com\\\/#\\\/schema\\\/person\\\/7e3e4fb7491a837023acaddd2ac658d7\"},\"headline\":\"Galer\u00eda de fotos: Colombia\",\"datePublished\":\"2019-02-07T06:03:52+00:00\",\"dateModified\":\"2025-10-27T14:47:23+00:00\",\"mainEntityOfPage\":{\"@id\":\"https:\\\/\\\/elprismadefer.com\\\/galeria-de-fotos-colombia\\\/\"},\"wordCount\":91,\"commentCount\":0,\"publisher\":{\"@id\":\"https:\\\/\\\/elprismadefer.com\\\/#\\\/schema\\\/person\\\/7e3e4fb7491a837023acaddd2ac658d7\"},\"image\":{\"@id\":\"https:\\\/\\\/elprismadefer.com\\\/galeria-de-fotos-colombia\\\/#primaryimage\"},\"thumbnailUrl\":\"https:\\\/\\\/elprismadefer.com\\\/wp-content\\\/uploads\\\/2019\\\/02\\\/20180405_182209-hdr-scaled.jpg\",\"keywords\":[\"caribe\",\"sudamerica\"],\"articleSection\":[\"Fotograf\u00eda\"],\"inLanguage\":\"en-US\",\"potentialAction\":[{\"@type\":\"CommentAction\",\"name\":\"Comment\",\"target\":[\"https:\\\/\\\/elprismadefer.com\\\/galeria-de-fotos-colombia\\\/#respond\"]}]},{\"@type\":\"WebPage\",\"@id\":\"https:\\\/\\\/elprismadefer.com\\\/galeria-de-fotos-colombia\\\/\",\"url\":\"https:\\\/\\\/elprismadefer.com\\\/galeria-de-fotos-colombia\\\/\",\"name\":\"Galer\u00eda de fotos: Colombia - El Prisma de Fer\",\"isPartOf\":{\"@id\":\"https:\\\/\\\/elprismadefer.com\\\/#website\"},\"primaryImageOfPage\":{\"@id\":\"https:\\\/\\\/elprismadefer.com\\\/galeria-de-fotos-colombia\\\/#primaryimage\"},\"image\":{\"@id\":\"https:\\\/\\\/elprismadefer.com\\\/galeria-de-fotos-colombia\\\/#primaryimage\"},\"thumbnailUrl\":\"https:\\\/\\\/elprismadefer.com\\\/wp-content\\\/uploads\\\/2019\\\/02\\\/20180405_182209-hdr-scaled.jpg\",\"datePublished\":\"2019-02-07T06:03:52+00:00\",\"dateModified\":\"2025-10-27T14:47:23+00:00\",\"breadcrumb\":{\"@id\":\"https:\\\/\\\/elprismadefer.com\\\/galeria-de-fotos-colombia\\\/#breadcrumb\"},\"inLanguage\":\"en-US\",\"potentialAction\":[{\"@type\":\"ReadAction\",\"target\":[\"https:\\\/\\\/elprismadefer.com\\\/galeria-de-fotos-colombia\\\/\"]}]},{\"@type\":\"ImageObject\",\"inLanguage\":\"en-US\",\"@id\":\"https:\\\/\\\/elprismadefer.com\\\/galeria-de-fotos-colombia\\\/#primaryimage\",\"url\":\"https:\\\/\\\/elprismadefer.com\\\/wp-content\\\/uploads\\\/2019\\\/02\\\/20180405_182209-hdr-scaled.jpg\",\"contentUrl\":\"https:\\\/\\\/elprismadefer.com\\\/wp-content\\\/uploads\\\/2019\\\/02\\\/20180405_182209-hdr-scaled.jpg\",\"width\":1920,\"height\":2560,\"caption\":\"colombia\"},{\"@type\":\"BreadcrumbList\",\"@id\":\"https:\\\/\\\/elprismadefer.com\\\/galeria-de-fotos-colombia\\\/#breadcrumb\",\"itemListElement\":[{\"@type\":\"ListItem\",\"position\":1,\"name\":\"Inicio\",\"item\":\"https:\\\/\\\/elprismadefer.com\\\/\"},{\"@type\":\"ListItem\",\"position\":2,\"name\":\"Galer\u00eda de fotos: Colombia\"}]},{\"@type\":\"WebSite\",\"@id\":\"https:\\\/\\\/elprismadefer.com\\\/#website\",\"url\":\"https:\\\/\\\/elprismadefer.com\\\/\",\"name\":\"El Prisma de Fer\",\"description\":\"Blog de viajes\",\"publisher\":{\"@id\":\"https:\\\/\\\/elprismadefer.com\\\/#\\\/schema\\\/person\\\/7e3e4fb7491a837023acaddd2ac658d7\"},\"potentialAction\":[{\"@type\":\"SearchAction\",\"target\":{\"@type\":\"EntryPoint\",\"urlTemplate\":\"https:\\\/\\\/elprismadefer.com\\\/?s={search_term_string}\"},\"query-input\":{\"@type\":\"PropertyValueSpecification\",\"valueRequired\":true,\"valueName\":\"search_term_string\"}}],\"inLanguage\":\"en-US\"},{\"@type\":\"Person\",\"@id\":\"https:\\\/\\\/elprismadefer.com\\\/#\\\/schema\\\/person\\\/7e3e4fb7491a837023acaddd2ac658d7\",\"name\":\"Fernando\",\"image\":{\"@type\":\"ImageObject\",\"inLanguage\":\"en-US\",\"@id\":\"https:\\\/\\\/elprismadefer.com\\\/wp-content\\\/uploads\\\/2025\\\/10\\\/blog_khiva31_home.webp\",\"url\":\"https:\\\/\\\/elprismadefer.com\\\/wp-content\\\/uploads\\\/2025\\\/10\\\/blog_khiva31_home.webp\",\"contentUrl\":\"https:\\\/\\\/elprismadefer.com\\\/wp-content\\\/uploads\\\/2025\\\/10\\\/blog_khiva31_home.webp\",\"width\":2000,\"height\":900,\"caption\":\"Fernando\"},\"description\":\"Fernando is a full-stack developer and independent traveler with years of experience exploring diverse destinations around the world, particularly in Asia and South America. Among his most notable journeys was the one he made along the Silk Road, from China to T\u00fcrkiye, also visiting the Indian subcontinent. Specializing in travel logistics in remote regions, he combines his analytical skills as a programmer with his field experience to create clear, precise guides accompanied by detailed maps. Through The Prism of Fer (\\\"El Prisma de Fer in spanish\\\"), he aims to make complex destinations accessible in a simple way, providing firsthand, verified information based on real-life experiences.\",\"sameAs\":[\"https:\\\/\\\/www.elprismadefer.com\\\/\",\"https:\\\/\\\/www.instagram.com\\\/el.prisma.de.fer\",\"https:\\\/\\\/www.linkedin.com\\\/in\\\/fernando-ca\u00edno-9b67a51b\\\/\",\"https:\\\/\\\/ar.pinterest.com\\\/elPrismaDeFer\\\/\",\"https:\\\/\\\/x.com\\\/prismaDeFer\",\"https:\\\/\\\/www.youtube.com\\\/@elprismadefer\",\"https:\\\/\\\/www.tumblr.com\\\/blog\\\/elprismadefer-blog\",\"https:\\\/\\\/www.tiktok.com\\\/@el.prisma.de.fer\",\"https:\\\/\\\/mastodon.social\\\/@elPrismaDeFer\",\"https:\\\/\\\/bsky.app\\\/profile\\\/theprismoffer.bsky.social\",\"https:\\\/\\\/www.reddit.com\\\/user\\\/the_Prism_of_Fer\\\/\",\"https:\\\/\\\/www.quora.com\\\/profile\\\/The-Prism-of-Fer\",\"https:\\\/\\\/www.tripadvisor.com\\\/Profile\\\/elPrismaDeFer\",\"https:\\\/\\\/www.google.com\\\/maps\\\/contrib\\\/104813403271976363413\\\/reviews\\\/@-4.2707352,-22.364449,3z\\\/data=!3m1!4b1!4m3!8m2!3m1!1e1?entry=ttu&g_ep=EgoyMDI2MDMxMS4wIKXMDSoASAFQAw%3D%3D\"],\"jobTitle\":\"Full-stack Developer & Travel Blogger\",\"alternateName\":[\"The Prism of Fer\",\"El Prisma de Fer\"],\"url\":\"https:\\\/\\\/elprismadefer.com\\\/en\\\/sobre-el-prisma-de-fer\\\/\",\"knowsAbout\":[\"Travel Photography\",\"Independent travel in all Asia (Central, South, East, Southeast, Caucasus)\",\"Independent travel in South America\",\"Silk Road history and logistics\",\"Long-distance trekking and hiking\",\"Full-stack Web Development (React, PHP, MySQL)\",\"Search Engine Optimization (SEO) for Travel Blogs\"]}]}<\/script>\n<!-- \/ Yoast SEO plugin. -->","yoast_head_json":{"title":"Galer\u00eda de fotos: Colombia - El Prisma de Fer","robots":{"index":"index","follow":"follow","max-snippet":"max-snippet:-1","max-image-preview":"max-image-preview:large","max-video-preview":"max-video-preview:-1"},"canonical":"https:\/\/elprismadefer.com\/en\/galeria-de-fotos-colombia\/","og_locale":"en_US","og_type":"article","og_title":"Galer\u00eda de fotos: Colombia - El Prisma de Fer","og_description":"Galer\u00eda de Colombia Fotograf\u00edas obtenidas durante mi viaje por Colombia. Si queres ayudarme a mantener el blog, pod\u00e9s comprar alguna de las fotograf\u00edas que tengo publicadas en el archivo de...","og_url":"https:\/\/elprismadefer.com\/en\/galeria-de-fotos-colombia\/","og_site_name":"El Prisma de Fer","article_published_time":"2019-02-07T06:03:52+00:00","article_modified_time":"2025-10-27T14:47:23+00:00","og_image":[{"width":1920,"height":2560,"url":"https:\/\/elprismadefer.com\/wp-content\/uploads\/2019\/02\/20180405_182209-hdr-scaled.jpg","type":"image\/jpeg"}],"author":"Fernando","twitter_card":"summary_large_image","twitter_creator":"@prismaDeFer","twitter_site":"@prismaDeFer","twitter_misc":{"Written by":"Fernando","Est. reading time":"1 minute"},"schema":{"@context":"https:\/\/schema.org","@graph":[{"@type":"Article","@id":"https:\/\/elprismadefer.com\/galeria-de-fotos-colombia\/#article","isPartOf":{"@id":"https:\/\/elprismadefer.com\/galeria-de-fotos-colombia\/"},"author":{"name":"Fernando","@id":"https:\/\/elprismadefer.com\/#\/schema\/person\/7e3e4fb7491a837023acaddd2ac658d7"},"headline":"Galer\u00eda de fotos: Colombia","datePublished":"2019-02-07T06:03:52+00:00","dateModified":"2025-10-27T14:47:23+00:00","mainEntityOfPage":{"@id":"https:\/\/elprismadefer.com\/galeria-de-fotos-colombia\/"},"wordCount":91,"commentCount":0,"publisher":{"@id":"https:\/\/elprismadefer.com\/#\/schema\/person\/7e3e4fb7491a837023acaddd2ac658d7"},"image":{"@id":"https:\/\/elprismadefer.com\/galeria-de-fotos-colombia\/#primaryimage"},"thumbnailUrl":"https:\/\/elprismadefer.com\/wp-content\/uploads\/2019\/02\/20180405_182209-hdr-scaled.jpg","keywords":["caribe","sudamerica"],"articleSection":["Fotograf\u00eda"],"inLanguage":"en-US","potentialAction":[{"@type":"CommentAction","name":"Comment","target":["https:\/\/elprismadefer.com\/galeria-de-fotos-colombia\/#respond"]}]},{"@type":"WebPage","@id":"https:\/\/elprismadefer.com\/galeria-de-fotos-colombia\/","url":"https:\/\/elprismadefer.com\/galeria-de-fotos-colombia\/","name":"Galer\u00eda de fotos: Colombia - El Prisma de Fer","isPartOf":{"@id":"https:\/\/elprismadefer.com\/#website"},"primaryImageOfPage":{"@id":"https:\/\/elprismadefer.com\/galeria-de-fotos-colombia\/#primaryimage"},"image":{"@id":"https:\/\/elprismadefer.com\/galeria-de-fotos-colombia\/#primaryimage"},"thumbnailUrl":"https:\/\/elprismadefer.com\/wp-content\/uploads\/2019\/02\/20180405_182209-hdr-scaled.jpg","datePublished":"2019-02-07T06:03:52+00:00","dateModified":"2025-10-27T14:47:23+00:00","breadcrumb":{"@id":"https:\/\/elprismadefer.com\/galeria-de-fotos-colombia\/#breadcrumb"},"inLanguage":"en-US","potentialAction":[{"@type":"ReadAction","target":["https:\/\/elprismadefer.com\/galeria-de-fotos-colombia\/"]}]},{"@type":"ImageObject","inLanguage":"en-US","@id":"https:\/\/elprismadefer.com\/galeria-de-fotos-colombia\/#primaryimage","url":"https:\/\/elprismadefer.com\/wp-content\/uploads\/2019\/02\/20180405_182209-hdr-scaled.jpg","contentUrl":"https:\/\/elprismadefer.com\/wp-content\/uploads\/2019\/02\/20180405_182209-hdr-scaled.jpg","width":1920,"height":2560,"caption":"colombia"},{"@type":"BreadcrumbList","@id":"https:\/\/elprismadefer.com\/galeria-de-fotos-colombia\/#breadcrumb","itemListElement":[{"@type":"ListItem","position":1,"name":"Inicio","item":"https:\/\/elprismadefer.com\/"},{"@type":"ListItem","position":2,"name":"Galer\u00eda de fotos: Colombia"}]},{"@type":"WebSite","@id":"https:\/\/elprismadefer.com\/#website","url":"https:\/\/elprismadefer.com\/","name":"The Prism of Fer","description":"Blog de viajes","publisher":{"@id":"https:\/\/elprismadefer.com\/#\/schema\/person\/7e3e4fb7491a837023acaddd2ac658d7"},"potentialAction":[{"@type":"SearchAction","target":{"@type":"EntryPoint","urlTemplate":"https:\/\/elprismadefer.com\/?s={search_term_string}"},"query-input":{"@type":"PropertyValueSpecification","valueRequired":true,"valueName":"search_term_string"}}],"inLanguage":"en-US"},{"@type":"Person","@id":"https:\/\/elprismadefer.com\/#\/schema\/person\/7e3e4fb7491a837023acaddd2ac658d7","name":"Fernando","image":{"@type":"ImageObject","inLanguage":"en-US","@id":"https:\/\/elprismadefer.com\/wp-content\/uploads\/2025\/10\/blog_khiva31_home.webp","url":"https:\/\/elprismadefer.com\/wp-content\/uploads\/2025\/10\/blog_khiva31_home.webp","contentUrl":"https:\/\/elprismadefer.com\/wp-content\/uploads\/2025\/10\/blog_khiva31_home.webp","width":2000,"height":900,"caption":"Fernando"},"description":"Fernando is a full-stack developer and independent traveler with years of experience exploring diverse destinations around the world, particularly in Asia and South America. Among his most notable journeys was the one he made along the Silk Road, from China to T\u00fcrkiye, also visiting the Indian subcontinent. Specializing in travel logistics in remote regions, he combines his analytical skills as a programmer with his field experience to create clear, precise guides accompanied by detailed maps. Through The Prism of Fer (\"El Prisma de Fer in spanish\"), he aims to make complex destinations accessible in a simple way, providing firsthand, verified information based on real-life experiences.","sameAs":["https:\/\/www.elprismadefer.com\/","https:\/\/www.instagram.com\/el.prisma.de.fer","https:\/\/www.linkedin.com\/in\/fernando-ca\u00edno-9b67a51b\/","https:\/\/ar.pinterest.com\/elPrismaDeFer\/","https:\/\/x.com\/prismaDeFer","https:\/\/www.youtube.com\/@elprismadefer","https:\/\/www.tumblr.com\/blog\/elprismadefer-blog","https:\/\/www.tiktok.com\/@el.prisma.de.fer","https:\/\/mastodon.social\/@elPrismaDeFer","https:\/\/bsky.app\/profile\/theprismoffer.bsky.social","https:\/\/www.reddit.com\/user\/the_Prism_of_Fer\/","https:\/\/www.quora.com\/profile\/The-Prism-of-Fer","https:\/\/www.tripadvisor.com\/Profile\/elPrismaDeFer","https:\/\/www.google.com\/maps\/contrib\/104813403271976363413\/reviews\/@-4.2707352,-22.364449,3z\/data=!3m1!4b1!4m3!8m2!3m1!1e1?entry=ttu&g_ep=EgoyMDI2MDMxMS4wIKXMDSoASAFQAw%3D%3D"],"jobTitle":"Full-stack Developer & Travel Blogger","alternateName":["The Prism of Fer","El Prisma de Fer"],"url":"https:\/\/elprismadefer.com\/en\/sobre-el-prisma-de-fer\/","knowsAbout":["Travel Photography","Independent travel in all Asia (Central, South, East, Southeast, Caucasus)","Independent travel in South America","Silk Road history and logistics","Long-distance trekking and hiking","Full-stack Web Development (React, PHP, MySQL)","Search Engine Optimization (SEO) for Travel Blogs"]}]}},"rttpg_featured_image_url":{"full":["https:\/\/elprismadefer.com\/wp-content\/uploads\/2019\/02\/20180405_182209-hdr-scaled.jpg",1920,2560,false],"landscape":["https:\/\/elprismadefer.com\/wp-content\/uploads\/2019\/02\/20180405_182209-hdr-scaled.jpg",1920,2560,false],"portraits":["https:\/\/elprismadefer.com\/wp-content\/uploads\/2019\/02\/20180405_182209-hdr-scaled.jpg",1920,2560,false],"thumbnail":["https:\/\/elprismadefer.com\/wp-content\/uploads\/2019\/02\/20180405_182209-hdr-150x150.jpg",150,150,true],"medium":["https:\/\/elprismadefer.com\/wp-content\/uploads\/2019\/02\/20180405_182209-hdr-300x400.jpg",300,400,true],"large":["https:\/\/elprismadefer.com\/wp-content\/uploads\/2019\/02\/20180405_182209-hdr-600x800.jpg",600,800,true],"1536x1536":["https:\/\/elprismadefer.com\/wp-content\/uploads\/2019\/02\/20180405_182209-hdr-1152x1536.jpg",1152,1536,true],"2048x2048":["https:\/\/elprismadefer.com\/wp-content\/uploads\/2019\/02\/20180405_182209-hdr-1536x2048.jpg",1536,2048,true],"fascinate-thumbnail-one":["https:\/\/elprismadefer.com\/wp-content\/uploads\/2019\/02\/20180405_182209-hdr-800x450.jpg",800,450,true],"fascinate-thumbnail-two":["https:\/\/elprismadefer.com\/wp-content\/uploads\/2019\/02\/20180405_182209-hdr-450x450.jpg",450,450,true],"fascinate-thumbnail-small":["https:\/\/elprismadefer.com\/wp-content\/uploads\/2019\/02\/20180405_182209-hdr-400x225.jpg",400,225,true]},"rttpg_author":{"display_name":"Fernando","author_link":"https:\/\/elprismadefer.com\/en\/sobre-el-prisma-de-fer\/"},"rttpg_comment":0,"rttpg_category":"<a href=\"https:\/\/elprismadefer.com\/en\/category\/fotografia\/\" rel=\"category tag\">Fotograf\u00eda<\/a>","rttpg_excerpt":"Galer\u00eda de Colombia Fotograf\u00edas obtenidas durante mi viaje por Colombia. Si queres ayudarme a mantener el blog, pod\u00e9s comprar alguna de las fotograf\u00edas que tengo publicadas en el archivo de...","_links":{"self":[{"href":"https:\/\/elprismadefer.com\/en\/wp-json\/wp\/v2\/posts\/2719","targetHints":{"allow":["GET"]}}],"collection":[{"href":"https:\/\/elprismadefer.com\/en\/wp-json\/wp\/v2\/posts"}],"about":[{"href":"https:\/\/elprismadefer.com\/en\/wp-json\/wp\/v2\/types\/post"}],"author":[{"embeddable":true,"href":"https:\/\/elprismadefer.com\/en\/wp-json\/wp\/v2\/users\/1"}],"replies":[{"embeddable":true,"href":"https:\/\/elprismadefer.com\/en\/wp-json\/wp\/v2\/comments?post=2719"}],"version-history":[{"count":1,"href":"https:\/\/elprismadefer.com\/en\/wp-json\/wp\/v2\/posts\/2719\/revisions"}],"predecessor-version":[{"id":41761,"href":"https:\/\/elprismadefer.com\/en\/wp-json\/wp\/v2\/posts\/2719\/revisions\/41761"}],"wp:featuredmedia":[{"embeddable":true,"href":"https:\/\/elprismadefer.com\/en\/wp-json\/wp\/v2\/media\/2698"}],"wp:attachment":[{"href":"https:\/\/elprismadefer.com\/en\/wp-json\/wp\/v2\/media?parent=2719"}],"wp:term":[{"taxonomy":"category","embeddable":true,"href":"https:\/\/elprismadefer.com\/en\/wp-json\/wp\/v2\/categories?post=2719"},{"taxonomy":"post_tag","embeddable":true,"href":"https:\/\/elprismadefer.com\/en\/wp-json\/wp\/v2\/tags?post=2719"}],"curies":[{"name":"wp","href":"https:\/\/api.w.org\/{rel}","templated":true}]}}